{"id":362612,"date":"2025-09-03T06:31:16","date_gmt":"2025-09-03T06:31:16","guid":{"rendered":"https:\/\/www.europesays.com\/fr\/362612\/"},"modified":"2025-09-03T06:31:16","modified_gmt":"2025-09-03T06:31:16","slug":"un-seul-portail-pour-les-radios-basques-pays-basque","status":"publish","type":"post","link":"https:\/\/www.europesays.com\/fr\/362612\/","title":{"rendered":"Un seul portail pour les radios basques | Pays Basque"},"content":{"rendered":"<p>        <img decoding=\"async\" alt=\"Les radios bascophones du Pays Basque Nord sont des radios associatives. \" height=\"900\" loading=\"lazy\"  src=\"https:\/\/www.europesays.com\/fr\/wp-content\/uploads\/2025\/09\/EUSKAL_IRRATIAK.jpeg\"  width=\"1200\"\/>Les radios bascophones du Pays Basque Nord sont des radios associatives.  (\u00a9 Euskal Irratiak)<\/p>\n<p>Depuis le 1er septembre, le portail Internet d\u2019Euskal Irratiak abrite Gure Irratia, Irulegiko Irratia, Antxeta Irratia et Xiberoko Botza. Le renouveau des sites de trois des quatre radios bascophone r\u00e9pond a la volont\u00e9 de renforcer l\u2019offre de proximit\u00e9 en langue basque.<\/p>\n<p>Les radios locales fonctionnent d\u00e9sormais en ligne avec la m\u00eame logique que sur les ondes. Chaque radio conserve son site propre, mais tous reposent sur une base commune. Les informations circulent ainsi entre portails, permettant de naviguer facilement d\u2019une radio \u00e0 l\u2019autre. Les promoteurs visent ainsi \u00e0 \u00ab devenir une r\u00e9f\u00e9rence de l\u2019information locale en Labourd, Basse-Navarre et Soule \u00bb.<\/p>\n<p>Le site int\u00e8gre une section d\u00e9di\u00e9e aux podcasts, o\u00f9 l\u2019on retrouve les programmes de la rentr\u00e9e ainsi que de nombreuses \u00e9missions, chroniques et archives des derni\u00e8res ann\u00e9es. Les chroniqueurs, bertsolari et \u00e9ditorialistes de l\u2019\u00e9mission Goizberri disposent dor\u00e9navant d\u2019un espace d\u00e9di\u00e9 \u00e0 l\u2019opinion, et une section consacr\u00e9e aux auditeurs permet de publier des messages. L\u2019ensemble des programmes est accessible en replay.<\/p>\n","protected":false},"excerpt":{"rendered":"Les radios bascophones du Pays Basque Nord sont des radios associatives. (\u00a9 Euskal Irratiak) Depuis le 1er septembre,&hellip;\n","protected":false},"author":2,"featured_media":362613,"comment_status":"","ping_status":"","sticky":false,"template":"","format":"standard","meta":{"footnotes":""},"categories":[1355],"tags":[49765,58,59,1011,27,1361,873,36197,49764,8288],"class_list":{"0":"post-362612","1":"post","2":"type-post","3":"status-publish","4":"format-standard","5":"has-post-thumbnail","7":"category-musique","8":"tag-basques","9":"tag-divertissement","10":"tag-entertainment","11":"tag-fr","12":"tag-france","13":"tag-music","14":"tag-musique","15":"tag-portail","16":"tag-radios","17":"tag-seul"},"share_on_mastodon":{"url":"https:\/\/pubeurope.com\/@fr\/115138965255849625","error":""},"_links":{"self":[{"href":"https:\/\/www.europesays.com\/fr\/wp-json\/wp\/v2\/posts\/362612","targetHints":{"allow":["GET"]}}],"collection":[{"href":"https:\/\/www.europesays.com\/fr\/wp-json\/wp\/v2\/posts"}],"about":[{"href":"https:\/\/www.europesays.com\/fr\/wp-json\/wp\/v2\/types\/post"}],"author":[{"embeddable":true,"href":"https:\/\/www.europesays.com\/fr\/wp-json\/wp\/v2\/users\/2"}],"replies":[{"embeddable":true,"href":"https:\/\/www.europesays.com\/fr\/wp-json\/wp\/v2\/comments?post=362612"}],"version-history":[{"count":0,"href":"https:\/\/www.europesays.com\/fr\/wp-json\/wp\/v2\/posts\/362612\/revisions"}],"wp:featuredmedia":[{"embeddable":true,"href":"https:\/\/www.europesays.com\/fr\/wp-json\/wp\/v2\/media\/362613"}],"wp:attachment":[{"href":"https:\/\/www.europesays.com\/fr\/wp-json\/wp\/v2\/media?parent=362612"}],"wp:term":[{"taxonomy":"category","embeddable":true,"href":"https:\/\/www.europesays.com\/fr\/wp-json\/wp\/v2\/categories?post=362612"},{"taxonomy":"post_tag","embeddable":true,"href":"https:\/\/www.europesays.com\/fr\/wp-json\/wp\/v2\/tags?post=362612"}],"curies":[{"name":"wp","href":"https:\/\/api.w.org\/{rel}","templated":true}]}}