{"id":362616,"date":"2025-09-03T06:33:10","date_gmt":"2025-09-03T06:33:10","guid":{"rendered":"https:\/\/www.europesays.com\/fr\/362616\/"},"modified":"2025-09-03T06:33:10","modified_gmt":"2025-09-03T06:33:10","slug":"le-cas-qui-intrigue-les-medecins","status":"publish","type":"post","link":"https:\/\/www.europesays.com\/fr\/362616\/","title":{"rendered":"le cas qui intrigue les m\u00e9decins"},"content":{"rendered":"<p>Le diagnostic tombe : prosopom\u00e9tamorphopsie, un trouble rarissime document\u00e9 au compte-gouttes. Sous acide valpro\u00efque et rivastigmine, son quotidien s\u2019am\u00e9liore \u2014 sans faire dispara\u00eetre la fascination que suscite ce cas.<\/p>\n<p>Quand les visages se transforment en dragons<\/p>\n<p>Difficile d\u2019imaginer le quotidien de cette femme de 52 ans, install\u00e9e \u00e0 La Haye, aux Pays-Bas. Depuis l\u2019enfance, les visages humains se recomposent devant elle sous des traits fantastiques, ceux de dragons. Une exp\u00e9rience d\u00e9routante due \u00e0 une condition neurologique extr\u00eamement rare, la prosopom\u00e9tamorphopsie. Mais que se passe-t-il vraiment dans son cerveau ?<\/p>\n<p>Une vie marqu\u00e9e par des \u00ab hallucinations \u00bb<\/p>\n<p>Pour cette patiente, les traits familiers se muent en formes allong\u00e9es, avec des dents ac\u00e9r\u00e9es et des museaux pro\u00e9minents. Ces alt\u00e9rations visuelles ne sont pas de simples \u00e9pisodes isol\u00e9s : elles persistent depuis des d\u00e9cennies et compliquent les interactions sociales, bien qu\u2019elles reposent sur une cause neurologique tangible.<\/p>\n<p>Des examens ont \u00e9t\u00e9 men\u00e9s, notamment un EEG et une IRM. Ils ont mis en \u00e9vidence des l\u00e9sions dans deux zones cl\u00e9s : le cortex occipitotemporal ventral, essentiel \u00e0 la reconnaissance des visages, et le noyau lenticulaire. Ces anomalies viennent perturber le traitement visuel normal.<\/p>\n<p>Comprendre la prosopom\u00e9tamorphopsie<\/p>\n<p>Le diagnostic a conclu \u00e0 une prosopom\u00e9tamorphopsie, un trouble aussi rare que pr\u00e9cis : une alt\u00e9ration de la perception des visages li\u00e9e \u00e0 des dysfonctionnements de l\u2019activit\u00e9 c\u00e9r\u00e9brale. Il ne s\u2019agit ni d\u2019inventions ni de d\u00e9lires ; ces perceptions sont g\u00e9n\u00e9r\u00e9es par des m\u00e9canismes neurologiques identifiables.<\/p>\n<p>Les cliniciens avancent une piste : une activit\u00e9 \u00e9lectrique anormale dans les r\u00e9gions impliqu\u00e9es d\u00e9clencherait ces distorsions. Ce cas \u00e9claire les processus par lesquels le cerveau encode et reconna\u00eet les visages, un pilier de nos interactions sociales.<\/p>\n<p>Un traitement qui change la donne<\/p>\n<p>Deux m\u00e9dicaments ont \u00e9t\u00e9 prescrits : la rivastigmine, souvent utilis\u00e9e contre certains troubles cognitifs, et l\u2019acide valpro\u00efque, un anti\u00e9pileptique. En association, ils ont apport\u00e9 une am\u00e9lioration notable ; les \u00ab dragons \u00bb se font plus rares et la patiente retrouve une forme de s\u00e9r\u00e9nit\u00e9 dans son quotidien.<\/p>\n<p>Concr\u00e8tement, elle peut interagir plus facilement avec ses proches, sans que les visages ne se transforment syst\u00e9matiquement en cr\u00e9atures fantastiques, un progr\u00e8s sensible qui illustre les avanc\u00e9es dans la prise en charge de ces troubles.<\/p>\n<p>Un cas qui intrigue encore<\/p>\n<p>Ce dossier singulier continue d\u2019int\u00e9resser le monde m\u00e9dical. La raret\u00e9 de la prosopom\u00e9tamorphopsie incite \u00e0 multiplier les observations cliniques et les recherches afin de mieux caract\u00e9riser ces ph\u00e9nom\u00e8nes et d\u2019affiner les approches th\u00e9rapeutiques, r\u00e9v\u00e9lant la complexit\u00e9 du cerveau humain et de ses circuits de la perception.<\/p>\n","protected":false},"excerpt":{"rendered":"Le diagnostic tombe : prosopom\u00e9tamorphopsie, un trouble rarissime document\u00e9 au compte-gouttes. Sous acide valpro\u00efque et rivastigmine, son quotidien&hellip;\n","protected":false},"author":2,"featured_media":362617,"comment_status":"","ping_status":"","sticky":false,"template":"","format":"standard","meta":{"footnotes":""},"categories":[10],"tags":[17,154,32117,21,1011,27,72,226,49766,71,96,3840],"class_list":{"0":"post-362616","1":"post","2":"type-post","3":"status-publish","4":"format-standard","5":"has-post-thumbnail","7":"category-sante","8":"tag-17","9":"tag-des","10":"tag-dragons","11":"tag-fait","12":"tag-fr","13":"tag-france","14":"tag-health","15":"tag-maladie","16":"tag-mysterieuse","17":"tag-sante","18":"tag-une","19":"tag-voir"},"share_on_mastodon":{"url":"https:\/\/pubeurope.com\/@fr\/115138973128223262","error":""},"_links":{"self":[{"href":"https:\/\/www.europesays.com\/fr\/wp-json\/wp\/v2\/posts\/362616","targetHints":{"allow":["GET"]}}],"collection":[{"href":"https:\/\/www.europesays.com\/fr\/wp-json\/wp\/v2\/posts"}],"about":[{"href":"https:\/\/www.europesays.com\/fr\/wp-json\/wp\/v2\/types\/post"}],"author":[{"embeddable":true,"href":"https:\/\/www.europesays.com\/fr\/wp-json\/wp\/v2\/users\/2"}],"replies":[{"embeddable":true,"href":"https:\/\/www.europesays.com\/fr\/wp-json\/wp\/v2\/comments?post=362616"}],"version-history":[{"count":0,"href":"https:\/\/www.europesays.com\/fr\/wp-json\/wp\/v2\/posts\/362616\/revisions"}],"wp:featuredmedia":[{"embeddable":true,"href":"https:\/\/www.europesays.com\/fr\/wp-json\/wp\/v2\/media\/362617"}],"wp:attachment":[{"href":"https:\/\/www.europesays.com\/fr\/wp-json\/wp\/v2\/media?parent=362616"}],"wp:term":[{"taxonomy":"category","embeddable":true,"href":"https:\/\/www.europesays.com\/fr\/wp-json\/wp\/v2\/categories?post=362616"},{"taxonomy":"post_tag","embeddable":true,"href":"https:\/\/www.europesays.com\/fr\/wp-json\/wp\/v2\/tags?post=362616"}],"curies":[{"name":"wp","href":"https:\/\/api.w.org\/{rel}","templated":true}]}}