{"id":362626,"date":"2025-09-03T06:38:08","date_gmt":"2025-09-03T06:38:08","guid":{"rendered":"https:\/\/www.europesays.com\/fr\/362626\/"},"modified":"2025-09-03T06:38:08","modified_gmt":"2025-09-03T06:38:08","slug":"la-reaction-tres-sarcastique-de-trump-a-la-rencontre-entre-xi-poutine-et-kim-a-pekin-le-huffpost","status":"publish","type":"post","link":"https:\/\/www.europesays.com\/fr\/362626\/","title":{"rendered":"La r\u00e9action tr\u00e8s sarcastique de Trump \u00e0 la rencontre entre Xi, Poutine et Kim \u00e0 P\u00e9kin &#8211; Le HuffPost"},"content":{"rendered":"<ol>\n<li><a href=\"https:\/\/news.google.com\/rss\/articles\/CBMi_gFBVV95cUxOcXR3VlNaYWhXaVZTOXlfalBjUE8tME9IQ3MwRzdYblQ0bnY0YzBVOGt6TG5PR0tYczZRVjdCVWVxRGEyUUZxM21SZHJFRV9yQUpUS191bjBVSHplYTUtNmx0Ylp6SktQdlZuNzJWVzVWb1l1eFRtTkJWaUZUU3VmV3RkcHBJUExEazY4a21GRkN5UVNnanNHM2JlakR1U2U4R1UxdEdYY0tZcjBtamp1c2FmdEN1cGN1RzNqM0pXZTh6b3pHa181UWdFQVVhY1pEMk0zNHVJeDBwQkFTNTZiWHRQTGhoVmd3NDBtSmEwNjY3Q1p5SnhpcnlobmxvQQ?oc=5\" target=\"_blank\" rel=\"nofollow noopener\">La r\u00e9action tr\u00e8s sarcastique de Trump \u00e0 la rencontre entre Xi, Poutine et Kim \u00e0 P\u00e9kin<\/a>&nbsp;&nbsp;Le HuffPost<\/li>\n<li><a href=\"https:\/\/news.google.com\/rss\/articles\/CBMigwJBVV95cUxNWmJHX29OdDdOZ2otVDIwYk90Zi1raDlacG5HelM3UlYybEJ2TEJVYmxLdjVpSXBEZG5lcy1jc3NvQ1pDYThRWnVtejd6YjJMUFN2UnFDNndxN0hoX2RkNjE1M0U0WUlNRUszSFhIRGpiTG5KR01HTTlOS0x1bEpoZWVFZmlSZG1lWFo2ZG1VeHRtQXhINzlyWXN1YWVKTmJpYWN2ZEZMQVFjem5kLTF4b1Exam9QOWhIVzU4RFFaV1E5X1BFVkZ2UUFscjlyQWE5a3FXLTdtQ3FjOXdjX1oyQnFvNmFCY2p4QmJ2LUhUOVo2RE5VeGxlZjlsVjlPQk00SzAw?oc=5\" target=\"_blank\" rel=\"nofollow noopener\">Xi Jinping, Vladimir Poutine et Kim Jong-un r\u00e9unis \u00e0 P\u00e9kin pour une parade militaire et diplomatique<\/a>&nbsp;&nbsp;Le Monde.fr<\/li>\n<li><a href=\"https:\/\/news.google.com\/rss\/articles\/CBMi5gFBVV95cUxQYnFIWDNzZVNTV3VBR0JQekkwWF9GekhfRGF5TVdsejBGWWstOE5GT0h1QmdZbzBTdjVCR0QzbXA2OTBPekZSeDJNVGhmYy1Zb09qOXdiN1pNTVI4dmRlY1QzZ3JYTzNpSEpONDQwci00U3p2bHVCMFB3dUJXdGU1clhkd0REY0ljNEQzTm5tb1dDdGFiT19iWndvbVNLbnJ3R0RDY2k4eVI2bHhJSUxHT2pnMmV3VWRPMTUxYTBjX2xZWXE1X0JrOUJmMWhmelZVMXhLV0F3R2EyajhUS1N2LU1Xd1R2QQ?oc=5\" target=\"_blank\" rel=\"nofollow noopener\">Guerre en Ukraine : Vladimir Poutine remercie Kim Jong-un pour l&rsquo;aide des soldats nord-cor\u00e9ens \u00e0 la Russie<\/a>&nbsp;&nbsp;Le Figaro<\/li>\n<li><a href=\"https:\/\/news.google.com\/rss\/articles\/CBMi6wFBVV95cUxNcTB0Y3hEY3NsUXpYZjBvOEtwNEZNM2NFVExuZUFjVG5ST0pieUdKdE1sQ09TOVgyaHM1eW90eDhjc09ZWFlqYThUMm9SeHJDczJXTFNXb3RkYm9LcW4wUVFFb08tMENSWTlJdXVfVzJxMUFUdS1wV2ExMVpadzdiaDh3U1dBODdKYmI1Zk44ajQ2X01PUG5kWXBteHdzcmRfRzdTcnFFS1FwVWg5MXRlM1lVU085SVhLSGpxX05OT1FPWXhNbm82c2ZBSGM2aW04bGEwR0FmeE9xV3k1VmJHVmxJT3NPQ1ZsOWtF?oc=5\" target=\"_blank\" rel=\"nofollow noopener\">EN IMAGES. Un d\u00e9fil\u00e9 militaire en Chine r\u00e9unit Xi Jinping, Vladimir Poutine et Kim Jong-un<\/a>&nbsp;&nbsp;Ouest-France<\/li>\n<li><a href=\"https:\/\/news.google.com\/rss\/articles\/CBMi1gFBVV95cUxQM3I0LWIxdkFPVEhYdnBFSUk0R3oxaVpPQzNVTUF5ZTRyMlN6SGxWazJjUTFSRUFsSW1jMU5tb1V0cng0QlN5WEt6X18zYk1kOVlLR0szbXhOQ1dVY09rSHNpUkJNbE5FRzBrTDZhblVxWmpRTVExQ3RvNk5WYndMZjdhOHRLbkpXQnpYbnNGZm1YOXdUcXYyM0hLMGZjbGNhNXZXcDhPbDRHUUVUNGhBV3RZa0JMYWdybU5iTGJiTE9DRHRhY3pEaE5oSXg3UHVxd1hVMFN3?oc=5\" target=\"_blank\" rel=\"nofollow noopener\">EN DIRECT Guerre en Ukraine : Trump fulmine de voir Xi Jinping mettre \u00e0 l\u2019honneur Poutine et Kim Jong-un\u2026<\/a>&nbsp;&nbsp;20 Minutes<\/li>\n<\/ol>\n","protected":false},"excerpt":{"rendered":"La r\u00e9action tr\u00e8s sarcastique de Trump \u00e0 la rencontre entre Xi, Poutine et Kim \u00e0 P\u00e9kin&nbsp;&nbsp;Le HuffPost Xi&hellip;\n","protected":false},"author":2,"featured_media":1445,"comment_status":"","ping_status":"","sticky":false,"template":"","format":"standard","meta":{"footnotes":""},"categories":[5],"tags":[11,1011,27,14,12,28],"class_list":{"0":"post-362626","1":"post","2":"type-post","3":"status-publish","4":"format-standard","5":"has-post-thumbnail","7":"category-international","8":"tag-actualites","9":"tag-fr","10":"tag-france","11":"tag-international","12":"tag-news","13":"tag-world"},"share_on_mastodon":{"url":"","error":""},"_links":{"self":[{"href":"https:\/\/www.europesays.com\/fr\/wp-json\/wp\/v2\/posts\/362626","targetHints":{"allow":["GET"]}}],"collection":[{"href":"https:\/\/www.europesays.com\/fr\/wp-json\/wp\/v2\/posts"}],"about":[{"href":"https:\/\/www.europesays.com\/fr\/wp-json\/wp\/v2\/types\/post"}],"author":[{"embeddable":true,"href":"https:\/\/www.europesays.com\/fr\/wp-json\/wp\/v2\/users\/2"}],"replies":[{"embeddable":true,"href":"https:\/\/www.europesays.com\/fr\/wp-json\/wp\/v2\/comments?post=362626"}],"version-history":[{"count":0,"href":"https:\/\/www.europesays.com\/fr\/wp-json\/wp\/v2\/posts\/362626\/revisions"}],"wp:featuredmedia":[{"embeddable":true,"href":"https:\/\/www.europesays.com\/fr\/wp-json\/wp\/v2\/media\/1445"}],"wp:attachment":[{"href":"https:\/\/www.europesays.com\/fr\/wp-json\/wp\/v2\/media?parent=362626"}],"wp:term":[{"taxonomy":"category","embeddable":true,"href":"https:\/\/www.europesays.com\/fr\/wp-json\/wp\/v2\/categories?post=362626"},{"taxonomy":"post_tag","embeddable":true,"href":"https:\/\/www.europesays.com\/fr\/wp-json\/wp\/v2\/tags?post=362626"}],"curies":[{"name":"wp","href":"https:\/\/api.w.org\/{rel}","templated":true}]}}