{"id":362627,"date":"2025-09-03T06:39:09","date_gmt":"2025-09-03T06:39:09","guid":{"rendered":"https:\/\/www.europesays.com\/fr\/362627\/"},"modified":"2025-09-03T06:39:09","modified_gmt":"2025-09-03T06:39:09","slug":"bloquons-tout-le-10-septembre-marque-a-gauche-periurbain-qui-se-cache-derriere-le-mouvement-sud-ouest","status":"publish","type":"post","link":"https:\/\/www.europesays.com\/fr\/362627\/","title":{"rendered":"\u00ab Bloquons tout \u00bb le 10 septembre : \u00ab marqu\u00e9 \u00e0 gauche, p\u00e9riurbain&#8230; \u00bb, qui se cache derri\u00e8re le mouvement ? &#8211; Sud Ouest"},"content":{"rendered":"<ol>\n<li><a href=\"https:\/\/news.google.com\/rss\/articles\/CBMi0gFBVV95cUxNMl8xQ25NSF9RVmdEQWdkTmVwaWhKSkxILXotM0dvejI2eGY2ZlI0SVR2ZGxMdjZLUHd4akc2Vno4c1lkVmx6ZWlhTFpFa3M2aVVCcXFGdDIzUzZSU0YwTkZBa0Y2eGhLenZOZS1iSHFTS3hyWXBRZDlFbkFUS21jZTdzX20wbTR6ZGN2alIxZUNSZXl5WDFaYWUzUmtYbzZMRDF4LUpWU3lYTkVTVVFXY2FPaWtHRzE2Q3NGbTllUllxM2ZKQUJyZEFkVlpxa1VfdEE?oc=5\" target=\"_blank\" rel=\"nofollow noopener\">\u00ab Bloquons tout \u00bb le 10 septembre : \u00ab marqu\u00e9 \u00e0 gauche, p\u00e9riurbain&#8230; \u00bb, qui se cache derri\u00e8re le mouvement ?<\/a>&nbsp;&nbsp;Sud Ouest<\/li>\n<li><a href=\"https:\/\/news.google.com\/rss\/articles\/CBMi3gFBVV95cUxNaDVVSG5MODYxTjFpaXlIZWNGQy11QUFQTE5JbE1xWkttMnJ1cXhwVTJWSVlzS2N1YnRpcVhHd0djZkNWZ2d3RkhZdmkzSVl5WGowYzhsbUhVSWE5aUJzeG1kbzY5YzlGQWxXYklqSGxzSHRuNXkza1F6ckFlVFFHcXI5Uk5xdENmek1zS0lPcEFBQXVVLV9BRkxFV2tEaGlHLW5wVjVyUVFXZHVrN0ZOaG84bzJSaWxydDYwSXVtYnppdThxaFZXYzlJUmdCN2ZtVzJ6V2V5T2VkU19fclE?oc=5\" target=\"_blank\" rel=\"nofollow noopener\">Mobilisation du 10 septembre : les renseignements redoutent blocages, sabotages et violences<\/a>&nbsp;&nbsp;Actualit\u00e9s \u2013 Orange<\/li>\n<li><a href=\"https:\/\/news.google.com\/rss\/articles\/CBMiyAFBVV95cUxONDNxRV95VkszVEc3YU5wMFZSbm02MW1IWDJZVkYwUlg0OU9JbFJ1UHlsUnVLcGVpUVpJLXBIRHpFcURfc3oyVl9Vd0I4b3kzbUM2WTF0SUJVZkJ4YWpRZkxmUUhfMTRNYTBYcGg3bE5SQVNwa2hVTjhfX0dnenR4OFdfRGR3a3p5SXVMMjQwQlg0Yy01MFo2SC1rbTJEOWcxRWpfSkhxQXJkN3FhYkk5anZnQktiSkR5bTZOS1Rhc1NQNU0zVFlGRQ?oc=5\" target=\"_blank\" rel=\"nofollow noopener\">\u00ab Ce n\u2019est que le d\u00e9but \u00bb : \u00e0 Chinon, quatre rassemblements pr\u00e9vus le 10 septembre<\/a>&nbsp;&nbsp;lanouvellerepublique.fr<\/li>\n<li><a href=\"https:\/\/news.google.com\/rss\/articles\/CBMi9AFBVV95cUxPSVRPUWZWdFZTeG5XYTJDdUVvT08xLWp6UnZ3UVR2MGVFdXJFbVEwZVZPUE5XYkVaMU5felZKQ0NRR0F0RV9VYnl1TXVGeE8tcG44dXM0eGs1a252cGpnWXo1cFd5Tmhac2pwakwtRERReTVadlYwaEV5eHdHcjBXOVFnR0toaGxwbVpaejlxTF9LS3lqTC1idVdVN2dod2xMSWR4b0Q2clVkdkNVRFpnSHlEczFMTHZMWWxTOFJaSkFmNGx2bTlIVVc4cHcyTWVfZkY4VXJpMW9hRWZkZGdfNG9ZQWtjb0JEZXAzYjRzU093eEJN?oc=5\" target=\"_blank\" rel=\"nofollow noopener\">Blocages du 10 septembre : pourquoi une gr\u00e8ve massive est incertaine, malgr\u00e9 une profonde col\u00e8re<\/a>&nbsp;&nbsp;Le Monde.fr<\/li>\n<li><a href=\"https:\/\/news.google.com\/rss\/articles\/CBMiqAFBVV95cUxNdWlfcUFmVUQ5bmFyeFVGYlVqaDFNREpLYWxmN3ZDZzdsVlB3Wmo1RmhhdUQ4cEthaFZGRkhoLVJPZkd6cDRvUnluMzlqdlRXNWo4SlMyWUw0TWNKT3h4azhHODRYQ1BNQlNkOFBYN0tWQ1pyc3dhaEw2d2JQb0dKcTIxMDFPVlVqYnpKVzN4RzhmY3R0UE9Femg0VzlmY0JUaDRsX2ljUm0?oc=5\" target=\"_blank\" rel=\"nofollow noopener\">\u00ab Bloquons tout \u00bb : tentative de portrait-robot d\u2019un mouvement n\u00e9buleux<\/a>&nbsp;&nbsp;Fondation Jean-Jaur\u00e8s<\/li>\n<\/ol>\n","protected":false},"excerpt":{"rendered":"\u00ab Bloquons tout \u00bb le 10 septembre : \u00ab marqu\u00e9 \u00e0 gauche, p\u00e9riurbain&#8230; \u00bb, qui se cache derri\u00e8re&hellip;\n","protected":false},"author":2,"featured_media":362628,"comment_status":"","ping_status":"","sticky":false,"template":"","format":"standard","meta":{"footnotes":""},"categories":[4],"tags":[11,1011,27,12,25],"class_list":{"0":"post-362627","1":"post","2":"type-post","3":"status-publish","4":"format-standard","5":"has-post-thumbnail","7":"category-france","8":"tag-actualites","9":"tag-fr","10":"tag-france","11":"tag-news","12":"tag-republique-francaise"},"share_on_mastodon":{"url":"https:\/\/pubeurope.com\/@fr\/115138996745025119","error":""},"_links":{"self":[{"href":"https:\/\/www.europesays.com\/fr\/wp-json\/wp\/v2\/posts\/362627","targetHints":{"allow":["GET"]}}],"collection":[{"href":"https:\/\/www.europesays.com\/fr\/wp-json\/wp\/v2\/posts"}],"about":[{"href":"https:\/\/www.europesays.com\/fr\/wp-json\/wp\/v2\/types\/post"}],"author":[{"embeddable":true,"href":"https:\/\/www.europesays.com\/fr\/wp-json\/wp\/v2\/users\/2"}],"replies":[{"embeddable":true,"href":"https:\/\/www.europesays.com\/fr\/wp-json\/wp\/v2\/comments?post=362627"}],"version-history":[{"count":0,"href":"https:\/\/www.europesays.com\/fr\/wp-json\/wp\/v2\/posts\/362627\/revisions"}],"wp:featuredmedia":[{"embeddable":true,"href":"https:\/\/www.europesays.com\/fr\/wp-json\/wp\/v2\/media\/362628"}],"wp:attachment":[{"href":"https:\/\/www.europesays.com\/fr\/wp-json\/wp\/v2\/media?parent=362627"}],"wp:term":[{"taxonomy":"category","embeddable":true,"href":"https:\/\/www.europesays.com\/fr\/wp-json\/wp\/v2\/categories?post=362627"},{"taxonomy":"post_tag","embeddable":true,"href":"https:\/\/www.europesays.com\/fr\/wp-json\/wp\/v2\/tags?post=362627"}],"curies":[{"name":"wp","href":"https:\/\/api.w.org\/{rel}","templated":true}]}}