{"id":362629,"date":"2025-09-03T06:40:11","date_gmt":"2025-09-03T06:40:11","guid":{"rendered":"https:\/\/www.europesays.com\/fr\/362629\/"},"modified":"2025-09-03T06:40:11","modified_gmt":"2025-09-03T06:40:11","slug":"son-collegue-qui-la-demasque-raconte-a-la-barre-son-calvaire-pour-queclate-la-verite","status":"publish","type":"post","link":"https:\/\/www.europesays.com\/fr\/362629\/","title":{"rendered":"son coll\u00e8gue qui l&rsquo;a \u00ab\u00a0d\u00e9masqu\u00e9\u00a0\u00bb raconte \u00e0 la barre son calvaire pour qu&rsquo;\u00e9clate la v\u00e9rit\u00e9"},"content":{"rendered":"<p>Il est celui par qui le scandale est arriv\u00e9. <a href=\"https:\/\/www.laprovence.com\/article\/region\/3500957532045314\/la-double-vie-d-un-policier-pedophile-a-marseille-au-dessus-de-tout-soupcon\" target=\"_blank\" rel=\"noopener\">Quatre ans apr\u00e8s les faits<\/a>, dans la t\u00eate de Christophe Annunziata, une phrase n\u2019en finit pas de r\u00e9sonner : \u00ab\u00a0Julien passe menott\u00e9 dans la cour de l\u2019\u00c9v\u00each\u00e9.\u00a0\u00bb<\/p>\n<p>Entendu ce mardi par la cour criminelle d\u00e9partementale des Bouches-du-Rh\u00f4ne dans le cadre du proc\u00e8s de <a href=\"https:\/\/www.laprovence.com\/article\/faits-divers-justice\/43384974989637\/un-policier-marseillais-de-la-brigade-de-protection-des-mineurs-de-marseille-juge-pour-viols-sur-deux-enfants\" target=\"_blank\" rel=\"noopener\">Julien Palisca, ancien policier de la brigade des mineurs de Marseille accus\u00e9 de viol<\/a> sur deux enfants philippins, ce t\u00e9moin cl\u00e9 a remont\u00e9 le fil de ses soup\u00e7ons mais aussi des obstacles dress\u00e9s sur son passage par une hi\u00e9rarchie frileuse, selon lui.<\/p>\n<p>Arriv\u00e9s en\u00a02018 \u00e0 la brigade, Christophe Annunziata et Julien Palisca \u00e9taient rapidement devenus ins\u00e9parables. \u00ab\u00a0On nous appelait Tic et Tac\u00a0\u00bb, raconte le \u00ab\u00a0lanceur d\u2019alerte\u00a0\u00bb, dressant le portrait de l\u2019accus\u00e9, un homme \u00ab\u00a0jovial, solaire qui parlait beaucoup de son association humanitaire\u00a0\u00bb. Assis aux c\u00f4t\u00e9s de son avocate, Julien Palisca, vo\u00fbt\u00e9 sur sa chaise de bureau, garde les yeux baiss\u00e9s durant le t\u00e9moignage de celui par qui le scandale est arriv\u00e9. La veille, il avait reconnu l\u2019ensemble des faits. \u00c0 contre-courant, ses autres coll\u00e8gues ont pourtant d\u00e9crit un fonctionnaire de police au-dessus de tout soup\u00e7on.<\/p>\n<p>\u00ab\u00a0Sur le papier, il avait le profil&#8230;<\/p>\n","protected":false},"excerpt":{"rendered":"Il est celui par qui le scandale est arriv\u00e9. Quatre ans apr\u00e8s les faits, dans la t\u00eate de&hellip;\n","protected":false},"author":2,"featured_media":362630,"comment_status":"","ping_status":"","sticky":false,"template":"","format":"standard","meta":{"footnotes":""},"categories":[2],"tags":[17,11,9780,274,1011,27,4743,884,12,49767,10910,3583,3711],"class_list":{"0":"post-362629","1":"post","2":"type-post","3":"status-publish","4":"format-standard","5":"has-post-thumbnail","7":"category-actualites","8":"tag-17","9":"tag-actualites","10":"tag-collegue","11":"tag-faits-divers-justice","12":"tag-fr","13":"tag-france","14":"tag-la","15":"tag-marseille","16":"tag-news","17":"tag-pedophile","18":"tag-policier","19":"tag-qui","20":"tag-son"},"share_on_mastodon":{"url":"https:\/\/pubeurope.com\/@fr\/115139000592160296","error":""},"_links":{"self":[{"href":"https:\/\/www.europesays.com\/fr\/wp-json\/wp\/v2\/posts\/362629","targetHints":{"allow":["GET"]}}],"collection":[{"href":"https:\/\/www.europesays.com\/fr\/wp-json\/wp\/v2\/posts"}],"about":[{"href":"https:\/\/www.europesays.com\/fr\/wp-json\/wp\/v2\/types\/post"}],"author":[{"embeddable":true,"href":"https:\/\/www.europesays.com\/fr\/wp-json\/wp\/v2\/users\/2"}],"replies":[{"embeddable":true,"href":"https:\/\/www.europesays.com\/fr\/wp-json\/wp\/v2\/comments?post=362629"}],"version-history":[{"count":0,"href":"https:\/\/www.europesays.com\/fr\/wp-json\/wp\/v2\/posts\/362629\/revisions"}],"wp:featuredmedia":[{"embeddable":true,"href":"https:\/\/www.europesays.com\/fr\/wp-json\/wp\/v2\/media\/362630"}],"wp:attachment":[{"href":"https:\/\/www.europesays.com\/fr\/wp-json\/wp\/v2\/media?parent=362629"}],"wp:term":[{"taxonomy":"category","embeddable":true,"href":"https:\/\/www.europesays.com\/fr\/wp-json\/wp\/v2\/categories?post=362629"},{"taxonomy":"post_tag","embeddable":true,"href":"https:\/\/www.europesays.com\/fr\/wp-json\/wp\/v2\/tags?post=362629"}],"curies":[{"name":"wp","href":"https:\/\/api.w.org\/{rel}","templated":true}]}}