{"id":362634,"date":"2025-09-03T06:44:14","date_gmt":"2025-09-03T06:44:14","guid":{"rendered":"https:\/\/www.europesays.com\/fr\/362634\/"},"modified":"2025-09-03T06:44:14","modified_gmt":"2025-09-03T06:44:14","slug":"maxime-chanot-quand-le-football-mene-a-laventure","status":"publish","type":"post","link":"https:\/\/www.europesays.com\/fr\/362634\/","title":{"rendered":"Maxime Chanot : quand le football m\u00e8ne \u00e0 l\u2019aventure"},"content":{"rendered":"<p>Maxime Chanot a trac\u00e9 un parcours exceptionnel, m\u00ealant football et exploration du monde. De ses d\u00e9buts au GSAT de Tomblaine \u00e0 ses exploits en MLS, sa carri\u00e8re a \u00e9t\u00e9 marqu\u00e9e par une soif de d\u00e9couvertes. \u00c0 35 ans, une blessure met fin \u00e0 ce voyage unique. Retour sur un parcours atypique. <\/p>\n<p>Un parcours exceptionnel, un homme \u00e0 la curiosit\u00e9 insatiable\u00a0: <strong>Maxime Chanot,<\/strong> d\u00e9fenseur de talent, a fait de sa carri\u00e8re en football un v\u00e9ritable voyage \u00e0 travers le monde. De son d\u00e9but au GSAT de Tomblaine \u00e0 ses exploits en MLS, il a su allier sa passion du football \u00e0 un d\u00e9sir constant de d\u00e9couvrir de nouveaux horizons.<\/p>\n<p>Mais aujourd&rsquo;hui, \u00e0 35 ans, c\u2019est une blessure \u00e0 la t\u00eate qui met fin \u00e0 son aventure sur le terrain. Retour sur un parcours atypique, marqu\u00e9 par des titres, des rencontres, mais surtout par cette envie de repousser sans cesse les fronti\u00e8res, dans le sport comme dans la vie.\u00a0 Laurent Pilloni nous raconte le parcours de Maxime Chanot dans <strong>l&rsquo;ESPRIT SPORTIF.<\/strong><\/p>\n<p>\u00c0 \u00e9couter aussi   <img decoding=\"async\" src=\"https:\/\/www.europesays.com\/fr\/wp-content\/uploads\/2025\/09\/1756881854_548_200x200\" alt=\"Les supporters du Nancy Handball retrouveront d\u00e9sormais leur \u00e9quipe en National 1 F\u00e9d\u00e9rale\" style=\"--_image-preview:url('data:image\/jpeg;base64,\/9j\/2wBDACgcHiMeGSgjISMtKygwPGRBPDc3PHtYXUlkkYCZlo+AjIqgtObDoKrarYqMyP\/L2u71\/\/\/\/m8H\/\/\/\/6\/+b9\/\/j\/2wBDASstLTw1PHZBQXb4pYyl+Pj4+Pj4+Pj4+Pj4+Pj4+Pj4+Pj4+Pj4+Pj4+Pj4+Pj4+Pj4+Pj4+Pj4+Pj4+Pj4+Pj\/wAARCAAqACoDASIAAhEBAxEB\/8QAGAAAAwEBAAAAAAAAAAAAAAAAAQIDAAT\/xAAYEAEBAQEBAAAAAAAAAAAAAAAAAQIREv\/EABYBAQEBAAAAAAAAAAAAAAAAAAEAAv\/EABURAQEAAAAAAAAAAAAAAAAAAAAB\/9oADAMBAAIRAxEAPwCEp4jNKSlKRglEEKU\/G8pOSVTNTkPCFc08TypAjyDwso+kXHIeQsPCTQehGqFG6D2SkLL\/2Q==');\" loading=\"lazy\" fetchpriority=\"low\" aria-hidden=\"true\" class=\"svelte-1pnmlwx rounded\" onload=\"this.__e=event\" onerror=\"this.__e=event\"\/><\/p>\n","protected":false},"excerpt":{"rendered":"Maxime Chanot a trac\u00e9 un parcours exceptionnel, m\u00ealant football et exploration du monde. De ses d\u00e9buts au GSAT&hellip;\n","protected":false},"author":2,"featured_media":362635,"comment_status":"","ping_status":"","sticky":false,"template":"","format":"standard","meta":{"footnotes":""},"categories":[9635],"tags":[1111,11,1777,674,1011,27,775,1702,12,25],"class_list":{"0":"post-362634","1":"post","2":"type-post","3":"status-publish","4":"format-standard","5":"has-post-thumbnail","7":"category-nancy","8":"tag-actu","9":"tag-actualites","10":"tag-eu","11":"tag-europe","12":"tag-fr","13":"tag-france","14":"tag-grand-est","15":"tag-nancy","16":"tag-news","17":"tag-republique-francaise"},"share_on_mastodon":{"url":"https:\/\/pubeurope.com\/@fr\/115139017050236588","error":""},"_links":{"self":[{"href":"https:\/\/www.europesays.com\/fr\/wp-json\/wp\/v2\/posts\/362634","targetHints":{"allow":["GET"]}}],"collection":[{"href":"https:\/\/www.europesays.com\/fr\/wp-json\/wp\/v2\/posts"}],"about":[{"href":"https:\/\/www.europesays.com\/fr\/wp-json\/wp\/v2\/types\/post"}],"author":[{"embeddable":true,"href":"https:\/\/www.europesays.com\/fr\/wp-json\/wp\/v2\/users\/2"}],"replies":[{"embeddable":true,"href":"https:\/\/www.europesays.com\/fr\/wp-json\/wp\/v2\/comments?post=362634"}],"version-history":[{"count":0,"href":"https:\/\/www.europesays.com\/fr\/wp-json\/wp\/v2\/posts\/362634\/revisions"}],"wp:featuredmedia":[{"embeddable":true,"href":"https:\/\/www.europesays.com\/fr\/wp-json\/wp\/v2\/media\/362635"}],"wp:attachment":[{"href":"https:\/\/www.europesays.com\/fr\/wp-json\/wp\/v2\/media?parent=362634"}],"wp:term":[{"taxonomy":"category","embeddable":true,"href":"https:\/\/www.europesays.com\/fr\/wp-json\/wp\/v2\/categories?post=362634"},{"taxonomy":"post_tag","embeddable":true,"href":"https:\/\/www.europesays.com\/fr\/wp-json\/wp\/v2\/tags?post=362634"}],"curies":[{"name":"wp","href":"https:\/\/api.w.org\/{rel}","templated":true}]}}