{"id":362636,"date":"2025-09-03T06:45:17","date_gmt":"2025-09-03T06:45:17","guid":{"rendered":"https:\/\/www.europesays.com\/fr\/362636\/"},"modified":"2025-09-03T06:45:17","modified_gmt":"2025-09-03T06:45:17","slug":"la-seyne-sur-mer-festival-regards-sur-rue","status":"publish","type":"post","link":"https:\/\/www.europesays.com\/fr\/362636\/","title":{"rendered":"La Seyne sur mer : Festival regards sur rue"},"content":{"rendered":"<p>        <a href=\"https:\/\/www.europesays.com\/fr\/wp-content\/uploads\/2025\/09\/regards.jpg\" data-caption=\"\"><img loading=\"lazy\" decoding=\"async\" width=\"425\" height=\"320\" class=\"entry-thumb td-modal-image\" src=\"https:\/\/www.europesays.com\/fr\/wp-content\/uploads\/2025\/09\/regards.jpg\"   alt=\"\" title=\"regards\"\/><\/a><\/p>\n<p><strong>Du vendredi 26 au dimanche 28 septembre 2025<\/strong>.<br \/>Horaires variables.<br \/>Entr\u00e9e libre.<br \/>Centre Ville<\/p>\n<p>Quai saturnin Fabre \u2013 83500 La Seyne-sur-Mer<\/p>\n<p>Pour la sixi\u00e8me ann\u00e9e, le festival Regards sur Rue fait battre le coeur de La Seyne sur Mer au rythme des arts de la rue. Th\u00e9\u00e2tre de rue, cirque, clowns, spectacles \u00e0 voir en famille, d\u00e9ambulations, ateliers et performances participatives envahissent l\u2019espace public. Une invitation \u00e0 red\u00e9couvrir la ville autrement, \u00e0 travers la po\u00e9sie des mots et du geste ainsi que la force du collectif.<\/p>\n<p>Organis\u00e9 par Le P\u00d4LE \u2013 Arts en circulation, en complicit\u00e9 avec la Biblioth\u00e8que de th\u00e9\u00e2tre Armand Gatti, le festival propose une programmation enti\u00e8rement gratuite et en acc\u00e8s libre.<\/p>\n<p style=\"text-align: center;\"><strong>Au programme\u00a0 :<\/strong><\/p>\n<p>Village \u00ab\u00a0La Rade Mar\u00e9e\u00a0\u00bb \u00e0 l\u2019Esplanade Marine<br \/>Horaires d\u2019ouverture : vendredi : 18h \u00e0 minuit \/ samedi : 10h \u00e0 minuit \/ dimanche : 10h \u00e0 22h<br \/>Espace de convivialit\u00e9 \u00ab\u00a0La Rade Mar\u00e9e\u00a0\u00bb (Bar \u2013 Restauration \u2013 Ateliers)<br \/>Imagin\u00e9 comme une escale joyeuse et festive entre deux spectacles, ce nouveau rendez-vous accueille le public tout au long du week-end. On y trouve de quoi se restaurer et se d\u00e9salt\u00e9rer, des artistes en libert\u00e9, des ateliers de pratique, des performances surprises et en fin de journ\u00e9e, des ambiances musicales, DJ sets, concerts et soir\u00e9es dansantes.<br \/>Atelier \u00ab\u00a0s\u00e9rigraphie frissons et hanneton : vendredi \u2013 19h30 \u00e0 22h \/ samedi : 11h \u00e0 13h \u2013 15h \u00e0 17h \u2013 19h30 \u00e0 22h30 \/ dimanche : 11h \u00e0 13h \u2013 15h \u00e0 18h<br \/>Atelier \u00ab\u00a0rap \/ beatbox \/ \u00e9criture \/ Collectif Kay : samedi : 10h \u00e0 12h \u2013 13h \u00e0 15h<\/p>\n<p>Jeudi 25 septembre<br \/>18h30 : Th\u00e9\u00e2tre : Se sauver \u00ab\u00a0Nuit de bivouac\u00a0\u00bb (sur r\u00e9servation)<\/p>\n<p>Vendredi 26 septembre<br \/>18h : ouverture \u00ab\u00a0La Rade Mar\u00e9e\u00a0\u00bb<br \/>18h30 : Ouverture officielle<br \/>18h45 : Th\u00e9\u00e2tre\/cirque : Gagarine is not dead<br \/>20h : Concert ABI AFROBEAT<\/p>\n<p>Samedi 27 septembre<br \/>10h: Ouverture \u00ab\u00a0La Rade Mar\u00e9e\u00a0\u00bb<br \/>10h : Atelier participatif Collectif Kay<br \/>11h : Cirque\/Musique \u00ab\u00a0Newroz\u00a0\u00bb<br \/>11h : Cirque sur l\u2019eau \u00ab\u00a0Surcouf\u00a0\u00bb<br \/>12h30 : Th\u00e9\u00e2tre\/Danse \u00ab\u00a0Rien ?\u00a0\u00bb<br \/>13h : Th\u00e9\u00e2tre\/Danse \u00ab\u00a0Hune\u00a0\u00bb<br \/>13h : Cirque\/Trampoline \u00ab\u00a0Sillages\u00a0\u00bb<br \/>14h : Clown \u00ab\u00a0Un Verano Naranja\u00a0\u00bb<br \/>15h30 : Roller\/Musique \u00ab\u00a0Les Rollmops\u00a0\u00bb<br \/>15h30 : Th\u00e9\u00e2tre\/Cirque \u00ab\u00a0Nous, la for\u00eat\u00a0\u00bb<br \/>16h : Cirque\/Musique \u00ab\u00a0Newroz\u00a0\u00bb<br \/>17h : Performance Collectif Kay<br \/>17h30 : Th\u00e9\u00e2tre\/Danse \u00ab\u00a0Rien ?\u00a0\u00bb<br \/>18h30 : Th\u00e9\u00e2tre\/Cirque \u00ab\u00a0Gagarine is not dead\u00a0\u00bb<br \/>20h30 : Cirque\/Danse \u00ab\u00a0Tancarville\u00a0\u00bb<br \/>22h : DJ set \u00ab\u00a0Rollmops\u00a0\u00bb<\/p>\n<p>Dimanche 28 septembre<br \/>10h : Ouverture \u00ab\u00a0La Rade Mar\u00e9e\u00a0\u00bb<br \/>11h : Cirque\/Musique \u00ab\u00a0Newroz\u00a0\u00bb<br \/>11h : Cirque sur l\u2019eau \u00ab\u00a0Surcouf\u00a0\u00bb<br \/>12h : Th\u00e9\u00e2tre\/Danse \u00ab\u00a0Rien ?\u00a0\u00bb<br \/>13h : Th\u00e9\u00e2tre\/Danse \u00ab\u00a0Hune\u00a0\u00bb<br \/>13h : Cirque\/Trampoline \u00ab\u00a0Sillages\u00a0\u00bb<br \/>14h : Clown \u00ab\u00a0Un Verano Naranja\u00a0\u00bb<br \/>15h : Th\u00e9\u00e2tre\/Cirque \u00ab\u00a0Gagarine is not dead\u00a0\u00bb<br \/>15h : Th\u00e9\u00e2tre\/Cirque \u00ab\u00a0Rien ?\u00a0\u00bb<br \/>16h : Th\u00e9\u00e2tre : Se sauver \u00ab\u00a0Pot de d\u00e9part\u00a0\u00bb<br \/>16h30 : Th\u00e9\u00e2tre\/Cirque \u00ab\u00a0Nous, la for\u00eat\u00a0\u00bb<br \/>16h30 : Cirque\/Trampoline \u00ab\u00a0Sillages\u00a0\u00bb<br \/>16h30 : Cirque\/Musique \u00ab\u00a0Newroz\u00a0\u00bb<br \/>17h45 : Cirque\/Danse \u00ab\u00a0Tancarville\u00a0\u00bb<\/p>\n<p><a href=\"https:\/\/www.restosducoeur.org\/associations-departementales\/les-restos-du-coeur-du-var\/\" rel=\"nofollow noopener\" target=\"_blank\"><img decoding=\"async\" style=\"height:70px;width:140px\" src=\"https:\/\/www.europesays.com\/fr\/wp-content\/uploads\/2025\/04\/restos-du-coeur.jpg\"\/><\/a>        <\/p>\n","protected":false},"excerpt":{"rendered":"Du vendredi 26 au dimanche 28 septembre 2025.Horaires variables.Entr\u00e9e libre.Centre Ville Quai saturnin Fabre \u2013 83500 La Seyne-sur-Mer&hellip;\n","protected":false},"author":2,"featured_media":362637,"comment_status":"","ping_status":"","sticky":false,"template":"","format":"standard","meta":{"footnotes":""},"categories":[9619],"tags":[1111,11,1777,674,1011,27,12,882,25,2310],"class_list":{"0":"post-362636","1":"post","2":"type-post","3":"status-publish","4":"format-standard","5":"has-post-thumbnail","7":"category-toulon","8":"tag-actu","9":"tag-actualites","10":"tag-eu","11":"tag-europe","12":"tag-fr","13":"tag-france","14":"tag-news","15":"tag-provence-alpes-cote-dazur","16":"tag-republique-francaise","17":"tag-toulon"},"share_on_mastodon":{"url":"https:\/\/pubeurope.com\/@fr\/115139020454393572","error":""},"_links":{"self":[{"href":"https:\/\/www.europesays.com\/fr\/wp-json\/wp\/v2\/posts\/362636","targetHints":{"allow":["GET"]}}],"collection":[{"href":"https:\/\/www.europesays.com\/fr\/wp-json\/wp\/v2\/posts"}],"about":[{"href":"https:\/\/www.europesays.com\/fr\/wp-json\/wp\/v2\/types\/post"}],"author":[{"embeddable":true,"href":"https:\/\/www.europesays.com\/fr\/wp-json\/wp\/v2\/users\/2"}],"replies":[{"embeddable":true,"href":"https:\/\/www.europesays.com\/fr\/wp-json\/wp\/v2\/comments?post=362636"}],"version-history":[{"count":0,"href":"https:\/\/www.europesays.com\/fr\/wp-json\/wp\/v2\/posts\/362636\/revisions"}],"wp:featuredmedia":[{"embeddable":true,"href":"https:\/\/www.europesays.com\/fr\/wp-json\/wp\/v2\/media\/362637"}],"wp:attachment":[{"href":"https:\/\/www.europesays.com\/fr\/wp-json\/wp\/v2\/media?parent=362636"}],"wp:term":[{"taxonomy":"category","embeddable":true,"href":"https:\/\/www.europesays.com\/fr\/wp-json\/wp\/v2\/categories?post=362636"},{"taxonomy":"post_tag","embeddable":true,"href":"https:\/\/www.europesays.com\/fr\/wp-json\/wp\/v2\/tags?post=362636"}],"curies":[{"name":"wp","href":"https:\/\/api.w.org\/{rel}","templated":true}]}}