{"id":362638,"date":"2025-09-03T06:46:28","date_gmt":"2025-09-03T06:46:28","guid":{"rendered":"https:\/\/www.europesays.com\/fr\/362638\/"},"modified":"2025-09-03T06:46:28","modified_gmt":"2025-09-03T06:46:28","slug":"jespere-que-je-serai-bien-accueilli-zach-mercer-se-confie-avant-toulon-mhr-et-raconte-ses-deux-dernieres-annees","status":"publish","type":"post","link":"https:\/\/www.europesays.com\/fr\/362638\/","title":{"rendered":"\u00ab\u00a0J\u2019esp\u00e8re que je serai bien accueilli\u00a0\u00bb\u00a0: Zach Mercer se confie avant Toulon-MHR et raconte ses deux derni\u00e8res ann\u00e9es"},"content":{"rendered":"<p>\n                                                                Star du MHR entre\u00a02021 et\u00a02023, meilleur joueur du Top 14 en 2022, Zach Mercer est de retour dans le championnat fran\u00e7ais sous le maillot de Toulon. Hasard du calendrier, son premier match sera au Septeo Stadium, ce samedi 6\u00a0septembre. Rencontre.\n                            <\/p>\n<p class=\"txt-question\">Vous avez enfin rejou\u00e9 au rugby apr\u00e8s huit mois d\u2019absence pour une blessure au genou, comment allez-vous\u00a0?<\/p>\n<p>Pleine forme, \u00e0 120\u00a0%. En fait, j\u2019en ai profit\u00e9 pour faire d\u2019une pierre deux coups. En plus du ligament crois\u00e9 ant\u00e9rieur rompu il y a huit mois, je me suis fait r\u00e9parer le post\u00e9rieur, que je n\u2019avais plus depuis 2018. <a href=\"https:\/\/www.midilibre.fr\/2023\/05\/22\/mhr-zach-mercer-ce-sont-les-deux-annees-les-plus-dingues-que-jai-vecues-11202829.php\" target=\"_blank\" rel=\"nofollow noopener\">J\u2019ai jou\u00e9 sans quand j\u2019\u00e9tais \u00e0 Montpellier.<\/a> Maintenant, c\u2019est tout neuf. Je me sens\u00a0beaucoup mieux et je suis pr\u00eat \u00e0 attaquer la saison.<\/p>\n<p class=\"txt-question\">Vous aviez d\u00e9clar\u00e9 que cette blessure \u00e9tait un mal pour un bien\u2026<\/p>\n<p>Oui. \u00c0 Montpellier, j\u2019ai beaucoup jou\u00e9 (59 matches en deux saisons). Quand je suis arriv\u00e9 \u00e0 Gloucester, mon corps me disait que j\u2019\u00e9tais fatigu\u00e9. \u00c9videmment, je pr\u00e9f\u00e8re jouer au rugby que d\u2019\u00eatre bless\u00e9. Mais en m\u00eame temps, j\u2019ai eu de la chance. Mon fils \u00e9tait tout petit et ma femme \u00e9tait enceinte. J\u2019ai pu passer du temps avec eux, ne pas \u00eatre\u00a0tout le temps \u00e0 droite \u00e0 gauche.<\/p>\n<p>Puis, apr\u00e8s ma blessure, en novembre, Gloucester ne voulait plus que je sois au club. Je ne suis plus affili\u00e9 \u00e0 un club depuis d\u00e9cembre. Donc j\u2019\u00e9tais \u00e0 la maison et faisais ma propre r\u00e9\u00e9ducation, en collaboration avec un kin\u00e9 priv\u00e9. Il a \u00e9t\u00e9 top. Il m\u00e9rite tous les cr\u00e9dits pour m\u2019avoir remis sur pied.<\/p>\n<p>        <img decoding=\"async\" class=\"std-img__img responsive-img\" src=\"https:\/\/www.europesays.com\/fr\/wp-content\/uploads\/2025\/09\/1756881983_676_image.jpg\" alt=\"Zach Mercer a disput\u00e9 son premier match avec le Rugby Club Toulonnais, en amical, contre Perpignan.\"\/><\/p>\n<p>                Zach Mercer a disput\u00e9 son premier match avec le Rugby Club Toulonnais, en amical, contre Perpignan.<br \/>\n                                    L&rsquo;INDEPENDANT &#8211; MICHEL CLEMENTZ<\/p>\n<p class=\"txt-question\">Vous n\u2019\u00e9tiez plus affili\u00e9\u00a0? Est-ce pour cela qu\u2019on vous a vu \u00e0 Capbreton, en France, pour des s\u00e9jours de r\u00e9\u00e9duaction\u00a0?<\/p>\n<p>Disons qu\u2019il y a eu quelques d\u00e9saccords sur l\u2019annonce de mon transfert de Gloucester \u00e0 Toulon. Gloucester voulait une chose, Toulon une autre. Je voulais suivre ce que Toulon disait, mais Gloucester n\u2019\u00e9tait pas vraiment sur la m\u00eame longueur d\u2019onde.<\/p>\n<p>En d\u00e9cembre, Toulon a pris en charge ma r\u00e9\u00e9ducation. Alors, je suis pass\u00e9 par le centre r\u00e9put\u00e9 de Capbreton. J\u2019y ai pass\u00e9 sept semaines au total, c\u2019\u00e9tait un endroit incroyable, avec des mecs au top.<\/p>\n<p>\u00ab\u00a0Mon histoire \u00e0 Montpellier \u00e9tait magnifique, avec beaucoup de souvenirs m\u00e9morables\u00a0\u00bb<\/p>\n<p class=\"txt-question\">Pourquoi avoir choisi de revenir en France\u00a0?<\/p>\n<p>Parce que j\u2019aime la France. J\u2019ai ador\u00e9 mon temps \u00e0 Montpellier. Puis les supporters, leur passion. La derni\u00e8re fois, \u00e0 un entra\u00eenement le dimanche, il y avait 500 personnes\u2026 Il n\u2019y a pas \u00e7a en Premiership. Toulon est une ville \u00e0 part dans le rugby, pleine d\u2019histoire. Quand les dirigeants m\u2019ont contact\u00e9, ce n\u2019\u00e9tait pas la peine de me demander deux fois.<\/p>\n<p class=\"txt-question\">Le fait de ne pas jouer\u00a0avec la s\u00e9lection anglaise vous a pouss\u00e9 \u00e0 revenir\u00a0?<\/p>\n<p>Dans tous les cas, je savais que je voulais rejouer en France. Quand j\u2019ai quitt\u00e9 Montpellier, je n\u2019ai jamais pens\u00e9 que mon aventure fran\u00e7aise \u00e9tait termin\u00e9e.<\/p>\n<p class=\"txt-question\">Quand vous partez en 2023, vous esp\u00e9riez jouer la Coupe du monde. Finalement, vous n\u2019avez pas \u00e9t\u00e9 retenu. Comment l\u2019avez-vous v\u00e9cu\u00a0?<\/p>\n<p>C\u2019\u00e9tait une p\u00e9riode difficile. \u00c9videmment, j\u2019\u00e9tais d\u00e9\u00e7u.. Je me suis demand\u00e9 si j\u2019avais pris la bonne d\u00e9cision de revenir en Angleterre. Mais je pense que oui. Ma femme \u00e9tait enceinte. Mes deux magnifiques\u00a0enfants sont n\u00e9s en Angleterre. Ma famille et celle de ma femme \u00e9taient \u00e0 c\u00f4t\u00e9. C\u2019\u00e9tait important.<\/p>\n<p class=\"txt-question\">Comment l\u2019opportunit\u00e9 toulonnaise s\u2019est pr\u00e9sent\u00e9e\u00a0? Est-ce parce que Paolo Garbisi vous manquait\u00a0?<\/p>\n<p>(Rires) Pour \u00eatre honn\u00eate, apr\u00e8s ma non-s\u00e9lection pour la Coupe du monde, Toulon m\u2019a approch\u00e9 durant ma premi\u00e8re ann\u00e9e \u00e0 Gloucester. Comme je l\u2019ai dit, il y a eu quelques d\u00e9saccords. Finalement, quand je me suis bless\u00e9, je me suis dit que j\u2019avais besoin d\u2019un nouveau d\u00e9part. J\u2019aurais \u00e9t\u00e9 fou de refuser Toulon avec un tel effectif, un super coach et un endroit \u00e0 part.<\/p>\n<p class=\"txt-question\">Un retour \u00e0 Montpellier n\u2019\u00e9tait pas possible\u00a0?<\/p>\n<p>Je suis une personne qui aime les nouvelles aventures. Mon histoire \u00e0 Montpellier \u00e9tait magnifique, avec beaucoup de souvenirs m\u00e9morables. Mais beaucoup de mes amis, comme Brandon Paenga-Amosa ou Titi Lamositele, sont partis. Alors, j\u2019ai voulu cr\u00e9er quelque chose de nouveau ailleurs. Je veux d\u00e9sormais gagner des titres avec Toulon ces trois prochaines ann\u00e9es et je suis tr\u00e8s enthousiaste \u00e0 l\u2019id\u00e9e de ce d\u00e9fi.<\/p>\n<p>        <img decoding=\"async\" class=\"std-img__img responsive-img\" src=\"https:\/\/www.europesays.com\/fr\/wp-content\/uploads\/2025\/09\/1756881985_420_image.jpg\" alt=\"Zach Mercer a \u00e9t\u00e9 une des locomotives montpelli\u00e9raines dans la qu\u00eate du titre en 2022.\"\/><\/p>\n<p>                Zach Mercer a \u00e9t\u00e9 une des locomotives montpelli\u00e9raines dans la qu\u00eate du titre en 2022.<br \/>\n                                    Midi Libre &#8211; JEAN-MICHEL MART<\/p>\n<p class=\"txt-question\">Hasard du calendrier, votre premier match \u00e0 domicile sera contre Montpellier\u2026<\/p>\n<p>C\u2019est assez fou, j\u2019en ai parl\u00e9 avec ma femme. Mon premier match de pr\u00e9-saison, quand j\u2019\u00e9tais \u00e0 Montpellier, c\u2019\u00e9tait contre Perpignan. Et mon premier match de Top 14, c\u2019\u00e9tait \u00e0 Toulon. L\u00e0, pour mes d\u00e9buts avec le RCT, c\u2019est match amical face \u00e0 l\u2019Usap et d\u00e9placement au MHR en Top 14. C\u2019est le destin.<\/p>\n<p>\u00c0 Montpellier, ce sera un moment sp\u00e9cial. J\u2019esp\u00e8re que je serai bien accueilli. J\u2019ai h\u00e2te de revenir, voir des visages familiers. Ma femme et mes enfants seront l\u00e0, je veux qu\u2019ils voient o\u00f9 j\u2019ai jou\u00e9.<\/p>\n<p class=\"txt-question\">Beaucoup de joueurs anglais sont en France. Les fr\u00e8res Vunipola, Sam Simmonds, Jack Willis\u2026 \u00cates-vous venus faire la paix avec les Fran\u00e7ais\u00a0?<\/p>\n<p>Et encore, vous avez oubli\u00e9 Ludlam, Ribbans, Sinckler\u2026 On est nombreux, c\u2019est vrai, mais \u00e7a montre que le Top 14 est la plus belle \u00e9preuve du monde.<\/p>\n<\/p>\n<p>                    <img decoding=\"async\" class=\"responsive-img\" src=\"https:\/\/www.europesays.com\/fr\/wp-content\/uploads\/2025\/09\/30vx3kz-O.jpg\"\/><br \/>\n                <a class=\"stretched-link\" href=\"#paywall\" rel=\"js-anchor\"><\/p>\n<p>        <\/a><\/p>\n","protected":false},"excerpt":{"rendered":"Star du MHR entre\u00a02021 et\u00a02023, meilleur joueur du Top 14 en 2022, Zach Mercer est de retour dans&hellip;\n","protected":false},"author":2,"featured_media":362639,"comment_status":"","ping_status":"","sticky":false,"template":"","format":"standard","meta":{"footnotes":""},"categories":[9619],"tags":[1111,11,1777,674,1011,27,12,882,25,2310],"class_list":{"0":"post-362638","1":"post","2":"type-post","3":"status-publish","4":"format-standard","5":"has-post-thumbnail","7":"category-toulon","8":"tag-actu","9":"tag-actualites","10":"tag-eu","11":"tag-europe","12":"tag-fr","13":"tag-france","14":"tag-news","15":"tag-provence-alpes-cote-dazur","16":"tag-republique-francaise","17":"tag-toulon"},"share_on_mastodon":{"url":"https:\/\/pubeurope.com\/@fr\/115139024623119107","error":""},"_links":{"self":[{"href":"https:\/\/www.europesays.com\/fr\/wp-json\/wp\/v2\/posts\/362638","targetHints":{"allow":["GET"]}}],"collection":[{"href":"https:\/\/www.europesays.com\/fr\/wp-json\/wp\/v2\/posts"}],"about":[{"href":"https:\/\/www.europesays.com\/fr\/wp-json\/wp\/v2\/types\/post"}],"author":[{"embeddable":true,"href":"https:\/\/www.europesays.com\/fr\/wp-json\/wp\/v2\/users\/2"}],"replies":[{"embeddable":true,"href":"https:\/\/www.europesays.com\/fr\/wp-json\/wp\/v2\/comments?post=362638"}],"version-history":[{"count":0,"href":"https:\/\/www.europesays.com\/fr\/wp-json\/wp\/v2\/posts\/362638\/revisions"}],"wp:featuredmedia":[{"embeddable":true,"href":"https:\/\/www.europesays.com\/fr\/wp-json\/wp\/v2\/media\/362639"}],"wp:attachment":[{"href":"https:\/\/www.europesays.com\/fr\/wp-json\/wp\/v2\/media?parent=362638"}],"wp:term":[{"taxonomy":"category","embeddable":true,"href":"https:\/\/www.europesays.com\/fr\/wp-json\/wp\/v2\/categories?post=362638"},{"taxonomy":"post_tag","embeddable":true,"href":"https:\/\/www.europesays.com\/fr\/wp-json\/wp\/v2\/tags?post=362638"}],"curies":[{"name":"wp","href":"https:\/\/api.w.org\/{rel}","templated":true}]}}