{"id":362640,"date":"2025-09-03T06:47:10","date_gmt":"2025-09-03T06:47:10","guid":{"rendered":"https:\/\/www.europesays.com\/fr\/362640\/"},"modified":"2025-09-03T06:47:10","modified_gmt":"2025-09-03T06:47:10","slug":"qui-veut-relever-le-defi-zero-dechet","status":"publish","type":"post","link":"https:\/\/www.europesays.com\/fr\/362640\/","title":{"rendered":"qui veut relever le d\u00e9fi Z\u00e9ro D\u00e9chet\u00a0?"},"content":{"rendered":"<p>            Par<br \/>\n        <strong><br \/>\n            <a href=\"https:\/\/actu.fr\/auteur\/manon-haddouche\" title=\"Consulter tous les articles de Manon Haddouche\" target=\"_blank\" rel=\"noopener\">Manon Haddouche<\/a><br \/>\n        <\/strong><\/p>\n<p>        Publi\u00e9 le<\/p>\n<p>            3 sept. 2025 \u00e0 8h31        <\/p>\n<p>L\u2019<strong>Agglom\u00e9ration du Pays de l\u2019Or<\/strong> poursuit son engagement en faveur de la pr\u00e9vention, de la r\u00e9duction et de la valorisation des d\u00e9chets. Elle lance une nouvelle \u00e9dition du <strong>d\u00e9fi Z\u00e9ro D\u00e9chet<\/strong>, une aventure collective et \u00e9co-responsable ouverte \u00e0 tous les habitants du territoire. Avis aux int\u00e9ress\u00e9s, les <strong>inscriptions ouvrent le vendredi 5 septembre<\/strong> !\u00a0<\/p>\n<p>Un challenge de sept mois pour changer ses habitudes<\/p>\n<p class=\" wall-content\">Mis en place par l\u2019Agglom\u00e9ration en partenariat avec l\u2019association Montpellier Z\u00e9ro D\u00e9chet, <strong>ce challenge interactif s\u2019\u00e9tend sur sept mois<\/strong>, du 13 novembre 2025 au 30 mai 2026. Son objectif est clair : accompagner <strong>cinquante familles ou participants s\u00e9lectionn\u00e9s<\/strong> en amont dans leur transition vers un mode de vie plus responsable.<\/p>\n<p class=\" wall-content\">Le principe repose sur<strong> cinq gestes simples<\/strong> : refuser ce dont on n\u2019a pas besoin, r\u00e9duire ses achats en privil\u00e9giant la qualit\u00e9 \u00e0 la quantit\u00e9, r\u00e9utiliser en r\u00e9parant ou en louant, rendre \u00e0 la terre gr\u00e2ce au compostage et au jardinage naturel, et enfin recycler ce qui n\u2019a pas pu \u00eatre \u00e9vit\u00e9.<\/p>\n<p>Pour tous et gratuit<\/p>\n<p class=\" wall-content\">Le d\u00e9fi est ouvert \u00e0 <strong>tous les habitants du Pays de l\u2019Or<\/strong>, sans distinction d\u2019\u00e2ge ni de situation familiale. Que l\u2019on participe seul, en couple, entre amis ou en famille, chacun peut y trouver son int\u00e9r\u00eat. Enti\u00e8rement financ\u00e9e par l\u2019Agglom\u00e9ration,<strong> l\u2019initiative est totalement gratuite.<\/strong><\/p>\n<p>Un programme riche et ludique<\/p>\n<p class=\" wall-content\">Au-del\u00e0 des ateliers pratiques, les participants profiteront de <strong>visites in\u00e9dites<\/strong>, comme celles du centre de tri de Lansargues ou de l\u2019Unit\u00e9 de Valorisation \u00c9nerg\u00e9tique de Lunel-Viel. La programmation, con\u00e7ue <strong>pour les adultes comme pour les enfants<\/strong>, alternera entre temps forts collectifs et moments de d\u00e9couverte.<\/p>\n<p>Vid\u00e9os : en ce moment sur Actu<\/p>\n<p class=\" wall-content\">Elle d\u00e9butera le 13 novembre par une r\u00e9union de lancement, avant de se poursuivre en d\u00e9cembre avec un atelier \u00ab fresque des d\u00e9chets \u00bb. En janvier, place au th\u00e8me du \u00ab changement d\u2019habitudes \u00bb et \u00e0 un atelier sur une consommation diff\u00e9rente, tandis que f\u00e9vrier sera consacr\u00e9 \u00e0 l\u2019entretien de la maison au naturel. Mars mettra l\u2019accent sur le compostage et la cuisine z\u00e9ro d\u00e9chet, puis avril sur le r\u00e9emploi, la r\u00e9paration et la salle de bain durable. Enfin, la c\u00e9r\u00e9monie de cl\u00f4ture du 30 mai c\u00e9l\u00e8brera les participants devenus de v\u00e9ritables ambassadeurs du z\u00e9ro d\u00e9chet.<\/p>\n<p>Votre r\u00e9gion, votre actu !<\/p>\n<p>Recevez chaque jour les infos qui comptent pour vous.<\/p>\n<p>\t<a href=\"https:\/\/actu.fr\/newsletter\" class=\"ac-btn ac-btn--corner ac-btn--medium ac-btn--blue800\" target=\"_blank\" rel=\"noopener\">S&rsquo;incrire<\/a><br \/>\nS\u2019inscrire \u00e0 ce d\u00e9fi implique un v\u00e9ritable engagement : <\/p>\n<p>Participer \u00e0 un minimum de quatre ateliers, peser ses d\u00e9chets chaque semaine et transmettre les r\u00e9sultats, mais aussi prendre part, autant que possible, aux visites organis\u00e9es.<\/p>\n<p class=\" wall-content\">&gt; Pour s\u2019inscrire, <a href=\"https:\/\/paysdelor.fr\/20935-2\/\" target=\"_blank\" rel=\"noopener\">c\u2019est par ici<\/a>.\u00a0<\/p>\n<p class=\" wall-content\">Personnalisez votre actualit\u00e9 en ajoutant vos villes et m\u00e9dias en favori avec <a href=\"https:\/\/moncompte.actu.fr\" title=\"D\u00e9couvez Mon Actu\" rel=\"nofollow noopener\" data-trk=\"{&quot;cta&quot;:{&quot;action&quot;:&quot;https:\\\/\\\/moncompte.actu.fr&quot;,&quot;category&quot;:&quot;mon compte&quot;,&quot;from&quot;:&quot;article footer&quot;,&quot;name&quot;:&quot;Mon actu&quot;,&quot;type&quot;:&quot;cta&quot;}}\" target=\"_blank\">Mon Actu<\/a>.<\/p>\n","protected":false},"excerpt":{"rendered":"Par Manon Haddouche Publi\u00e9 le 3 sept. 2025 \u00e0 8h31 L\u2019Agglom\u00e9ration du Pays de l\u2019Or poursuit son engagement&hellip;\n","protected":false},"author":2,"featured_media":362641,"comment_status":"","ping_status":"","sticky":false,"template":"","format":"standard","meta":{"footnotes":""},"categories":[9599],"tags":[1111,11,3008,51,1777,674,1011,27,2208,12,2680,25,104],"class_list":{"0":"post-362640","1":"post","2":"type-post","3":"status-publish","4":"format-standard","5":"has-post-thumbnail","7":"category-montpellier","8":"tag-actu","9":"tag-actualites","10":"tag-dechets","11":"tag-ecologie","12":"tag-eu","13":"tag-europe","14":"tag-fr","15":"tag-france","16":"tag-montpellier","17":"tag-news","18":"tag-occitanie","19":"tag-republique-francaise","20":"tag-societe"},"share_on_mastodon":{"url":"https:\/\/pubeurope.com\/@fr\/115139028405721926","error":""},"_links":{"self":[{"href":"https:\/\/www.europesays.com\/fr\/wp-json\/wp\/v2\/posts\/362640","targetHints":{"allow":["GET"]}}],"collection":[{"href":"https:\/\/www.europesays.com\/fr\/wp-json\/wp\/v2\/posts"}],"about":[{"href":"https:\/\/www.europesays.com\/fr\/wp-json\/wp\/v2\/types\/post"}],"author":[{"embeddable":true,"href":"https:\/\/www.europesays.com\/fr\/wp-json\/wp\/v2\/users\/2"}],"replies":[{"embeddable":true,"href":"https:\/\/www.europesays.com\/fr\/wp-json\/wp\/v2\/comments?post=362640"}],"version-history":[{"count":0,"href":"https:\/\/www.europesays.com\/fr\/wp-json\/wp\/v2\/posts\/362640\/revisions"}],"wp:featuredmedia":[{"embeddable":true,"href":"https:\/\/www.europesays.com\/fr\/wp-json\/wp\/v2\/media\/362641"}],"wp:attachment":[{"href":"https:\/\/www.europesays.com\/fr\/wp-json\/wp\/v2\/media?parent=362640"}],"wp:term":[{"taxonomy":"category","embeddable":true,"href":"https:\/\/www.europesays.com\/fr\/wp-json\/wp\/v2\/categories?post=362640"},{"taxonomy":"post_tag","embeddable":true,"href":"https:\/\/www.europesays.com\/fr\/wp-json\/wp\/v2\/tags?post=362640"}],"curies":[{"name":"wp","href":"https:\/\/api.w.org\/{rel}","templated":true}]}}