{"id":362642,"date":"2025-09-03T06:48:16","date_gmt":"2025-09-03T06:48:16","guid":{"rendered":"https:\/\/www.europesays.com\/fr\/362642\/"},"modified":"2025-09-03T06:48:16","modified_gmt":"2025-09-03T06:48:16","slug":"sortir-a-montpellier-salon-du-camping-car-etienne-cuenant-zevent-des-idees-pour-ce-jeudi-4-septembre","status":"publish","type":"post","link":"https:\/\/www.europesays.com\/fr\/362642\/","title":{"rendered":"Sortir \u00e0 Montpellier\u00a0: salon du camping-car, Etienne Cu\u00e9nant, ZEvent\u2026 des id\u00e9es pour ce jeudi 4\u00a0septembre"},"content":{"rendered":"<p>\n                                                                Salon du camping-car, du van et du fourgon am\u00e9nag\u00e9 au parc des expositions, Henri Comby au mus\u00e9e d\u2019Art brut, \u00ab\u00a0La femme la plus riche du monde\u00a0\u00bb en avant-premi\u00e8re au Diagonal, \u00ab\u00a0Prot\u00e9ger ses donn\u00e9es\u00a0\u00bb \u00e0 la m\u00e9diath\u00e8que Zola, Etienne Cu\u00e9nant \u00e0 la librairie Sauramps, le\u00e7on de danse avec David Wampach ou concert du ZEvent.\n                            <\/p>\n<p>D\u00e9couvrez notre s\u00e9lection de sorties pour ce jeudi 4\u00a0septembre du c\u00f4t\u00e9 de <a href=\"https:\/\/www.midilibre.fr\/herault\/montpellier\/\" target=\"_blank\" rel=\"nofollow noopener\">Montpellier<\/a> et faites le plein d\u2019id\u00e9es avec <a href=\"https:\/\/www.midilibre.fr\/agenda\/?path=&amp;q=&amp;where=herault%3Amontpellier&amp;insee=34172&amp;from=2025-09-04&amp;to=2025-09-04&amp;agendapg=12\" target=\"_blank\" rel=\"nofollow noopener\">notre agenda en ligne<\/a>.<\/p>\n<p>Salon du camping-car, du van et du fourgon am\u00e9nag\u00e9<\/p>\n<p>        <img decoding=\"async\" class=\"std-img__img responsive-img\" src=\"https:\/\/www.europesays.com\/fr\/wp-content\/uploads\/2025\/09\/1756882096_608_image.png\" alt=\"Un service de restauration sera assur\u00e9 toute la journ\u00e9e.\"\/><\/p>\n<p><strong>Salon. <\/strong>Plus de 250 v\u00e9hicules sont expos\u00e9s lors de cet \u00e9v\u00e8nement 100\u00a0% loisirs. \u00c0 d\u00e9couvrir\u00a0: un grand choix de v\u00e9hicules (camping-cars, vans et fourgons am\u00e9nag\u00e9s neufs et d\u2019occasion), des nouveaut\u00e9s 2026, des occasions mais aussi un espace sp\u00e9cial v\u00e9hicule haut de gamme, location, accessoires, r\u00e9paration carrosserie, voyage en camping-car\u2026<\/p>\n<p>&gt;\u00a0De ce jeudi\u00a04 au\u00a0dimanche 7\u00a0septembre 2025, de 10\u00a0h \u00e0 19\u00a0heures au parc des expositions de Montpellier, route de la Foire \u00e0 <a href=\"https:\/\/www.midilibre.fr\/herault\/perols\/\" target=\"_blank\" rel=\"nofollow noopener\">P\u00e9rols<\/a>. Entr\u00e9e gratuite <a href=\"https:\/\/yp.events\/d44f18d7-1882-4d91-8be3-485c4bf5b7a9\/SALON-MONTPELLIER-SEPTEMBRE-2025?from=TPL%20Site%20Internet\" target=\"_blank\" rel=\"nofollow noopener\">\u00e0 t\u00e9l\u00e9charger en ligne<\/a>.<\/p>\n<p>Henri Comby<\/p>\n<p><strong>Exposition. <\/strong>Natif du Puy-en Velay, Comby (1928-2004) a toujours revendiqu\u00e9 l\u2019influence de l\u2019univers de la charcuterie familiale dans son \u0153uvre, tout comme celle des paysages volcaniques qu\u2019il commen\u00e7a par peindre dans les ann\u00e9es 50 ou de la puissance des th\u00e8mes de l\u2019art sacr\u00e9 de cette Auvergne romane \u00e0 laquelle il resta tr\u00e8s attach\u00e9 jusqu\u2019\u00e0 sa mort, et qui \u00ab\u00a0ont enfant\u00e9\u00a0\u00bb, dira-t-il \u00ab\u00a0l\u2019esprit des laitons et de bon nombre de ses \u0153uvres\u00a0\u00bb.<\/p>\n<p>&gt;\u00a0Du\u00a0mercredi au\u00a0dimanche jusqu\u2019au 31\u00a0d\u00e9cembre de 10\u00a0h \u00e0 13\u00a0heures et de 14\u00a0h \u00e0 18\u00a0heures au\u00a0<a href=\"https:\/\/www.musee-artbrut-montpellier.com\/\" target=\"_blank\" rel=\"nofollow noopener\">Mus\u00e9e d\u2019Art Brut,<\/a> 1 rue Beau S\u00e9jour \u00e0 <a href=\"https:\/\/www.midilibre.fr\/herault\/montpellier\/\" target=\"_blank\" rel=\"nofollow noopener\">Montpellier<\/a>. Plein tarif\u00a08\u00a0\u20ac, tarif r\u00e9duit\u00a06\u00a0\u20ac. Contact au\u00a004\u00a067\u00a079\u00a062\u00a022.<\/p>\n<p>Avant-premi\u00e8re\u00a0: \u00ab\u00a0La femme la plus riche du monde\u00a0\u00bb<\/p>\n<p><strong>Cin\u00e9ma.<\/strong> Le film sur la tr\u00e8s m\u00e9diatique affaire Bettencourt est propos\u00e9 en avant-premi\u00e8re du 3 au 9\u00a0septembre (sortie nationale le 29\u00a0octobre). Com\u00e9die dramatique (2h03) de Thierry Klifa, avec Isabelle Huppert, Marina Fo\u00efs, Laurent Lafitte. La femme la plus riche du monde\u00a0: sa beaut\u00e9, son intelligence, son pouvoir. Un \u00e9crivain photographe\u00a0: son ambition, son insolence, sa folie. Le coup de foudre qui les emporte.<\/p>\n<p>&gt;\u00a0Ce jeudi 4\u00a0septembre \u00e0 15\u00a0h\u00a030 au <a href=\"https:\/\/www.cinediagonal.com\/\" target=\"_blank\" rel=\"nofollow noopener\">cin\u00e9ma Diagonal<\/a>, 5 rue de Verdun \u00e0 <a href=\"https:\/\/www.midilibre.fr\/herault\/montpellier\/\" target=\"_blank\" rel=\"nofollow noopener\">Montpellier<\/a>. Plein tarif 8\u00a0\u20ac. Contact au 04\u00a067\u00a058\u00a058\u00a010.<\/p>\n<p>\u00ab\u00a0Prot\u00e9ger ses donn\u00e9es\u00a0\u00bb avec Montpel\u2019libre<\/p>\n<p><strong>Atelier. <\/strong>Reprenez le contr\u00f4le de vos donn\u00e9es et affranchissez-vous des Gafam gr\u00e2ce \u00e0 des solutions libres, \u00e9thiques et respectueuses de votre vie priv\u00e9e. Atelier anim\u00e9 par Montpel\u2019libre, tout public d\u00e8s 15 ans. Sur inscription \u00e0 La Fabrique, par t\u00e9l\u00e9phone au 04\u00a099\u00a006\u00a027\u00a048 ou par mail \u00e0 forumfabrique.mediatheques@montpellier3m.fr<\/p>\n<p>&gt;\u00a0Ce\u00a0jeudi 4\u00a0septembre de 17\u00a0h \u00e0 19\u00a0heures \u00e0 la <a href=\"https:\/\/mediatheques.montpellier3m.fr\/default\/mediatheque-emile-zola.aspx?_lg=fr-FR\" target=\"_blank\" rel=\"nofollow noopener\">m\u00e9diath\u00e8que Emile-Zola<\/a>, 218 boulevard de l\u2019A\u00e9roport international \u00e0 <a href=\"https:\/\/www.midilibre.fr\/herault\/montpellier\/\" target=\"_blank\" rel=\"nofollow noopener\">Montpellier<\/a>. Gratuit sur inscription. Contact au\u00a004\u00a067\u00a034\u00a087\u00a000.<\/p>\n<p>Rencontre-d\u00e9dicace\u00a0: Etienne Cu\u00e9nant<\/p>\n<p><strong>Livre. <\/strong>M\u00e9decin \u00e0 Montpellier, \u00c9tienne Cu\u00e9nant sera pr\u00e9sent pour une rencontre autour de son livre \u00ab\u00a0Ameur ben Nicolle ou L\u2019orphelin d\u2019Hippocrate\u00a0\u00bb, paru aux \u00e9ditions Domens. Tunisie, ann\u00e9es 60. Le pays s\u2019affirme. Eux aussi. Dans les couloirs de l\u2019h\u00f4pital Charles Nicolle de Tunis, un enfant grandit dans l\u2019ombre des malades, de leurs m\u00e9decins et de l\u2019Histoire. Arrach\u00e9 \u00e0 l\u2019anonymat par le destin, Ameur est plac\u00e9 dans l\u2019orphelinat de Salambo.<\/p>\n<p>&gt;\u00a0Ce\u00a0jeudi 4\u00a0septembre \u00e0 18\u00a0heures \u00e0 la <a href=\"https:\/\/www.sauramps.com\/post\/2566\/litterature-rencontre-etienne-cuenant-sauramps-comedie\" target=\"_blank\" rel=\"nofollow noopener\">librairie Sauramps Com\u00e9die<\/a>, all\u00e9e Jules-Milhau \u00e0 <a href=\"https:\/\/www.midilibre.fr\/herault\/montpellier\/\" target=\"_blank\" rel=\"nofollow noopener\">Montpellier<\/a>. Entr\u00e9e libre.<\/p>\n<p>Le\u00e7on de danse avec David Wampach<\/p>\n<p>Danse. \u00ab\u00a0Shake, shake, shake\u00a0!\u00a0\u00bb\u00a0:\u00a0\u00bbOn va bouger, on va se secouer, on va s\u2019extasier, on va shaker sur une playlist \u00e9clectique. C\u2019est la rentr\u00e9e, mais c\u2019est toujours l\u2019\u00e9t\u00e9, alors on ne va pas se laisser aller.\u00a0\u00bb<\/p>\n<p>&gt;\u00a0Ce jeudi 4\u00a0septembre \u00e0\u00a020\u00a0heures \u00e0 <a href=\"https:\/\/panorama.coop\/agenda\" target=\"_blank\" rel=\"nofollow noopener\">Panorama <\/a>sur le toit du Corum \u00e0 <a href=\"https:\/\/www.midilibre.fr\/herault\/montpellier\/\" target=\"_blank\" rel=\"nofollow noopener\">Montpellier<\/a>. Gratuit, entr\u00e9e libre.<\/p>\n<p>Concert du ZEvent<\/p>\n<p><strong>Concert.\u00a0<\/strong>Le ZEvent 2025 d\u00e9bute avec son d\u00e9sormais traditionnel concert d\u2019ouverture au Z\u00e9nith de Montpellier, r\u00e9unissant une nouvelle fois des artistes incontournables de la sc\u00e8ne musicale fran\u00e7aise\u00a0: IAM, Alonzo, Carbonne, Orchestre Curieux en featuring avec Clair Obscur\u2026<\/p>\n<p>&gt;\u00a0Le concert au Z\u00e9nith Sud est complet, vous pouvez le suivre en direct sur\u00a0<a href=\"https:\/\/twitch.tv\/zevent\" rel=\"noreferrer nofollow noopener\" target=\"_blank\">twitch.tv\/zevent<\/a><\/p>\n","protected":false},"excerpt":{"rendered":"Salon du camping-car, du van et du fourgon am\u00e9nag\u00e9 au parc des expositions, Henri Comby au mus\u00e9e d\u2019Art&hellip;\n","protected":false},"author":2,"featured_media":362643,"comment_status":"","ping_status":"","sticky":false,"template":"","format":"standard","meta":{"footnotes":""},"categories":[9599],"tags":[1111,11,1777,674,1011,27,2208,12,2680,25],"class_list":{"0":"post-362642","1":"post","2":"type-post","3":"status-publish","4":"format-standard","5":"has-post-thumbnail","7":"category-montpellier","8":"tag-actu","9":"tag-actualites","10":"tag-eu","11":"tag-europe","12":"tag-fr","13":"tag-france","14":"tag-montpellier","15":"tag-news","16":"tag-occitanie","17":"tag-republique-francaise"},"share_on_mastodon":{"url":"https:\/\/pubeurope.com\/@fr\/115139032457175980","error":""},"_links":{"self":[{"href":"https:\/\/www.europesays.com\/fr\/wp-json\/wp\/v2\/posts\/362642","targetHints":{"allow":["GET"]}}],"collection":[{"href":"https:\/\/www.europesays.com\/fr\/wp-json\/wp\/v2\/posts"}],"about":[{"href":"https:\/\/www.europesays.com\/fr\/wp-json\/wp\/v2\/types\/post"}],"author":[{"embeddable":true,"href":"https:\/\/www.europesays.com\/fr\/wp-json\/wp\/v2\/users\/2"}],"replies":[{"embeddable":true,"href":"https:\/\/www.europesays.com\/fr\/wp-json\/wp\/v2\/comments?post=362642"}],"version-history":[{"count":0,"href":"https:\/\/www.europesays.com\/fr\/wp-json\/wp\/v2\/posts\/362642\/revisions"}],"wp:featuredmedia":[{"embeddable":true,"href":"https:\/\/www.europesays.com\/fr\/wp-json\/wp\/v2\/media\/362643"}],"wp:attachment":[{"href":"https:\/\/www.europesays.com\/fr\/wp-json\/wp\/v2\/media?parent=362642"}],"wp:term":[{"taxonomy":"category","embeddable":true,"href":"https:\/\/www.europesays.com\/fr\/wp-json\/wp\/v2\/categories?post=362642"},{"taxonomy":"post_tag","embeddable":true,"href":"https:\/\/www.europesays.com\/fr\/wp-json\/wp\/v2\/tags?post=362642"}],"curies":[{"name":"wp","href":"https:\/\/api.w.org\/{rel}","templated":true}]}}