{"id":362646,"date":"2025-09-03T06:53:10","date_gmt":"2025-09-03T06:53:10","guid":{"rendered":"https:\/\/www.europesays.com\/fr\/362646\/"},"modified":"2025-09-03T06:53:10","modified_gmt":"2025-09-03T06:53:10","slug":"la-mairie-de-grenoble-evoque-une-saison-exceptionnelle","status":"publish","type":"post","link":"https:\/\/www.europesays.com\/fr\/362646\/","title":{"rendered":"la mairie de Grenoble \u00e9voque une \u00ab\u00a0saison exceptionnelle\u00a0\u00bb"},"content":{"rendered":"<p itemprop=\"description\"><strong>Avec les \u00e9pisodes de canicule et un \u00e9t\u00e9 relativement radieux, les bassins de la piscine Jean Bron ont fait le plein.<\/strong><\/p>\n<p>La Ville de Grenoble se f\u00e9licite m\u00eame d&rsquo;une \u00ab\u00a0saison exceptionnelle\u00a0\u00bb, r\u00e9v\u00e9lant avoir accueilli 82 825 baigneurs entre le 14 juin et le 31 ao\u00fbt. Une forte hausse par rapport \u00e0 2024 (78 683 entr\u00e9es) et 2023 (60 442).<\/p>\n<p>Si la saison estivale est d\u00e9sormais termin\u00e9e, l&rsquo;ann\u00e9e se poursuit \u00e0 la piscine Jean Bron puisque les scolaires et les clubs prennent le relais.<\/p>\n<p>\u00ab\u00a0Alors que la piscine Clos d\u2019Or fait l\u2019objet d\u2019importants travaux de r\u00e9novation, la piscine Jean Bron accueillera les scolaires et les clubs jusqu\u2019\u00e0 la Toussaint puis d\u2019avril \u00e0 juin 2026. Des travaux ont \u00e9t\u00e9 r\u00e9alis\u00e9s \u00e0 Jean Bron pour permettre cet accueil avec l\u2019installation d\u2019une couverture thermique, d\u2019un \u00e9clairage led et de barnums et deux vestiaires collectifs s\u00e9curis\u00e9s ont \u00e9galement \u00e9t\u00e9 cr\u00e9\u00e9s \u00e0 cette fin\u00a0\u00bb, poursuit la mairie grenobloise dans un communiqu\u00e9.<\/p>\n","protected":false},"excerpt":{"rendered":"Avec les \u00e9pisodes de canicule et un \u00e9t\u00e9 relativement radieux, les bassins de la piscine Jean Bron ont&hellip;\n","protected":false},"author":2,"featured_media":362647,"comment_status":"","ping_status":"","sticky":false,"template":"","format":"standard","meta":{"footnotes":""},"categories":[9566],"tags":[1111,11,7733,8279,2430,7736,650,7734,2889,2263,1777,674,1011,27,2731,8280,6417,1114,108,4662,12,3725,1825,25,7737],"class_list":{"0":"post-362646","1":"post","2":"type-post","3":"status-publish","4":"format-standard","5":"has-post-thumbnail","7":"category-grenoble","8":"tag-actu","9":"tag-actualites","10":"tag-alpes","11":"tag-alpes1","12":"tag-auvergne-rhone-alpes","13":"tag-cds","14":"tag-cinema","15":"tag-ecoute","16":"tag-emission","17":"tag-equipe","18":"tag-eu","19":"tag-europe","20":"tag-fr","21":"tag-france","22":"tag-grenoble","23":"tag-haute","24":"tag-information","25":"tag-infos","26":"tag-isere","27":"tag-journal","28":"tag-news","29":"tag-podcast","30":"tag-radio","31":"tag-republique-francaise","32":"tag-winamp"},"share_on_mastodon":{"url":"https:\/\/pubeurope.com\/@fr\/115139051802038513","error":""},"_links":{"self":[{"href":"https:\/\/www.europesays.com\/fr\/wp-json\/wp\/v2\/posts\/362646","targetHints":{"allow":["GET"]}}],"collection":[{"href":"https:\/\/www.europesays.com\/fr\/wp-json\/wp\/v2\/posts"}],"about":[{"href":"https:\/\/www.europesays.com\/fr\/wp-json\/wp\/v2\/types\/post"}],"author":[{"embeddable":true,"href":"https:\/\/www.europesays.com\/fr\/wp-json\/wp\/v2\/users\/2"}],"replies":[{"embeddable":true,"href":"https:\/\/www.europesays.com\/fr\/wp-json\/wp\/v2\/comments?post=362646"}],"version-history":[{"count":0,"href":"https:\/\/www.europesays.com\/fr\/wp-json\/wp\/v2\/posts\/362646\/revisions"}],"wp:featuredmedia":[{"embeddable":true,"href":"https:\/\/www.europesays.com\/fr\/wp-json\/wp\/v2\/media\/362647"}],"wp:attachment":[{"href":"https:\/\/www.europesays.com\/fr\/wp-json\/wp\/v2\/media?parent=362646"}],"wp:term":[{"taxonomy":"category","embeddable":true,"href":"https:\/\/www.europesays.com\/fr\/wp-json\/wp\/v2\/categories?post=362646"},{"taxonomy":"post_tag","embeddable":true,"href":"https:\/\/www.europesays.com\/fr\/wp-json\/wp\/v2\/tags?post=362646"}],"curies":[{"name":"wp","href":"https:\/\/api.w.org\/{rel}","templated":true}]}}