{"id":362648,"date":"2025-09-03T06:54:23","date_gmt":"2025-09-03T06:54:23","guid":{"rendered":"https:\/\/www.europesays.com\/fr\/362648\/"},"modified":"2025-09-03T06:54:23","modified_gmt":"2025-09-03T06:54:23","slug":"chantepie-le-nouveau-club-de-padel-ouvre-ses-portes-vendredi","status":"publish","type":"post","link":"https:\/\/www.europesays.com\/fr\/362648\/","title":{"rendered":"Chantepie. Le nouveau club de padel ouvre ses portes vendredi"},"content":{"rendered":"<p>\u00ab<strong>\u00a0Le club ouvrira ses portes au public, vendredi 5\u00a0septembre, et au cours du week-end la pratique sera totalement offerte avec pr\u00eat d\u2019\u00e9quipement, <\/strong>annonce Pierre Arresseguet, charg\u00e9 de communication \u00e0 PadelShot.<strong> Plusieurs animations seront \u00e9galement pr\u00e9vues, elles aussi gratuites. Seules seront payantes, les \u00e9ventuelles consommations<\/strong>.\u00a0\u00bb<\/p>\n<p>Enfants et adultes, d\u00e9butants ou pratiquants confirm\u00e9s, sont invit\u00e9s \u00e0 participer.<\/p>\n<p><strong class=\"date\">Vendredi 5\u00a0septembre,<\/strong> 2,\u00a0all\u00e9e de Broc\u00e9liande (derri\u00e8re le magasin But) ouverture \u00e0 10\u00a0h. PadelShot Party, possibilit\u00e9 de s\u2019inscrire seul ou \u00e0 plusieurs. Tirage au sort de partenaires et adversaires toutes les dix\u00a0minutes. Rencontres de 19\u00a0h \u00e0 21\u00a0h et de 21\u00a0h \u00e0 23\u00a0h. Inscriptions au t\u00e9l.\u00a006\u00a032\u00a052\u00a087\u00a052.<\/p>\n<p><strong><strong class=\"date\">Samedi 6\u00a0septembre<\/strong><\/strong>, initiation libre et gratuite, de 10\u00a0h \u00e0 16\u00a0h, sans cr\u00e9neaux, sans r\u00e9servations, avec pr\u00e9sence de coaches tout au long de la journ\u00e9e pour accompagner les d\u00e9butants.<\/p>\n<p><strong><strong class=\"date\">Dimanche 7\u00a0septembre<\/strong><\/strong> initiation libre et gratuite. Initiation sp\u00e9ciale parents-enfants, de 10\u00a0h \u00e0 12\u00a0h, avec coaches sp\u00e9cialis\u00e9s, accompagn\u00e9e d\u2019un brunch. Pour l\u2019initiation parents-enfants, r\u00e9servation au t\u00e9l.\u00a006\u00a032\u00a052\u00a087\u00a052.<\/p>\n<p>\u00a0<\/p>\n","protected":false},"excerpt":{"rendered":"\u00ab\u00a0Le club ouvrira ses portes au public, vendredi 5\u00a0septembre, et au cours du week-end la pratique sera totalement&hellip;\n","protected":false},"author":2,"featured_media":362649,"comment_status":"","ping_status":"","sticky":false,"template":"","format":"standard","meta":{"footnotes":""},"categories":[2821],"tags":[1111,11,829,12790,5244,1777,674,1011,27,12,4565,10102,37443,3761,3086,584,25,6949],"class_list":{"0":"post-362648","1":"post","2":"type-post","3":"status-publish","4":"format-standard","5":"has-post-thumbnail","7":"category-rennes","8":"tag-actu","9":"tag-actualites","10":"tag-bretagne","11":"tag-chantepie","12":"tag-club","13":"tag-eu","14":"tag-europe","15":"tag-fr","16":"tag-france","17":"tag-news","18":"tag-nouveau","19":"tag-ouvre","20":"tag-padel","21":"tag-portes","22":"tag-redon","23":"tag-rennes","24":"tag-republique-francaise","25":"tag-vendredi"},"share_on_mastodon":{"url":"https:\/\/pubeurope.com\/@fr\/115139055663386409","error":""},"_links":{"self":[{"href":"https:\/\/www.europesays.com\/fr\/wp-json\/wp\/v2\/posts\/362648","targetHints":{"allow":["GET"]}}],"collection":[{"href":"https:\/\/www.europesays.com\/fr\/wp-json\/wp\/v2\/posts"}],"about":[{"href":"https:\/\/www.europesays.com\/fr\/wp-json\/wp\/v2\/types\/post"}],"author":[{"embeddable":true,"href":"https:\/\/www.europesays.com\/fr\/wp-json\/wp\/v2\/users\/2"}],"replies":[{"embeddable":true,"href":"https:\/\/www.europesays.com\/fr\/wp-json\/wp\/v2\/comments?post=362648"}],"version-history":[{"count":0,"href":"https:\/\/www.europesays.com\/fr\/wp-json\/wp\/v2\/posts\/362648\/revisions"}],"wp:featuredmedia":[{"embeddable":true,"href":"https:\/\/www.europesays.com\/fr\/wp-json\/wp\/v2\/media\/362649"}],"wp:attachment":[{"href":"https:\/\/www.europesays.com\/fr\/wp-json\/wp\/v2\/media?parent=362648"}],"wp:term":[{"taxonomy":"category","embeddable":true,"href":"https:\/\/www.europesays.com\/fr\/wp-json\/wp\/v2\/categories?post=362648"},{"taxonomy":"post_tag","embeddable":true,"href":"https:\/\/www.europesays.com\/fr\/wp-json\/wp\/v2\/tags?post=362648"}],"curies":[{"name":"wp","href":"https:\/\/api.w.org\/{rel}","templated":true}]}}