{"id":362650,"date":"2025-09-03T06:56:34","date_gmt":"2025-09-03T06:56:34","guid":{"rendered":"https:\/\/www.europesays.com\/fr\/362650\/"},"modified":"2025-09-03T06:56:34","modified_gmt":"2025-09-03T06:56:34","slug":"un-accident-mortel-sur-la-rocade-de-rennes","status":"publish","type":"post","link":"https:\/\/www.europesays.com\/fr\/362650\/","title":{"rendered":"Un accident mortel sur la rocade de Rennes"},"content":{"rendered":"<p>Une personne est morte ce mardi 2 matin septembre sur la rocade de Rennes. L&rsquo;accident entra\u00eenait encore de gros ralentissements vers 8h30.<\/p>\n<p><strong>La circulation est difficile ce mardi matin 2 septembre sur la rocade de Rennes \u00e0 cause d&rsquo;un accident de la route mortel.<\/strong>\u00a0L&rsquo;accident est survenu vers 7 heures au niveau de la porte de Villejean et de l&rsquo;\u00e9changeur vers la Nationale 12 en rocade ext\u00e9rieure.<\/p>\n<p><strong>Un motard seul en cause a chut\u00e9 pour une raison encore ind\u00e9termin\u00e9e.<\/strong> L&rsquo;homme \u00e2g\u00e9 de 57 ans a \u00e9t\u00e9 d\u00e9clar\u00e9 mort sur place.<\/p>\n<p>De gros ralentissements sur la rocade<\/p>\n<p>Les secours ont pris en charge un t\u00e9moin de l&rsquo;accident choqu\u00e9.<\/p>\n<p>Pour laisser intervenir les pompiers, <strong>une voie de circulation a \u00e9t\u00e9 neutralis\u00e9e<\/strong> ce qui entrainait encore vers 8h30 de gros ralentissements sur la rocade de Rennes.<\/p>\n","protected":false},"excerpt":{"rendered":"Une personne est morte ce mardi 2 matin septembre sur la rocade de Rennes. L&rsquo;accident entra\u00eenait encore de&hellip;\n","protected":false},"author":2,"featured_media":362651,"comment_status":"","ping_status":"","sticky":false,"template":"","format":"standard","meta":{"footnotes":""},"categories":[2821],"tags":[1111,11,829,1777,674,1011,27,12,584,25],"class_list":{"0":"post-362650","1":"post","2":"type-post","3":"status-publish","4":"format-standard","5":"has-post-thumbnail","7":"category-rennes","8":"tag-actu","9":"tag-actualites","10":"tag-bretagne","11":"tag-eu","12":"tag-europe","13":"tag-fr","14":"tag-france","15":"tag-news","16":"tag-rennes","17":"tag-republique-francaise"},"share_on_mastodon":{"url":"https:\/\/pubeurope.com\/@fr\/115139063584460258","error":""},"_links":{"self":[{"href":"https:\/\/www.europesays.com\/fr\/wp-json\/wp\/v2\/posts\/362650","targetHints":{"allow":["GET"]}}],"collection":[{"href":"https:\/\/www.europesays.com\/fr\/wp-json\/wp\/v2\/posts"}],"about":[{"href":"https:\/\/www.europesays.com\/fr\/wp-json\/wp\/v2\/types\/post"}],"author":[{"embeddable":true,"href":"https:\/\/www.europesays.com\/fr\/wp-json\/wp\/v2\/users\/2"}],"replies":[{"embeddable":true,"href":"https:\/\/www.europesays.com\/fr\/wp-json\/wp\/v2\/comments?post=362650"}],"version-history":[{"count":0,"href":"https:\/\/www.europesays.com\/fr\/wp-json\/wp\/v2\/posts\/362650\/revisions"}],"wp:featuredmedia":[{"embeddable":true,"href":"https:\/\/www.europesays.com\/fr\/wp-json\/wp\/v2\/media\/362651"}],"wp:attachment":[{"href":"https:\/\/www.europesays.com\/fr\/wp-json\/wp\/v2\/media?parent=362650"}],"wp:term":[{"taxonomy":"category","embeddable":true,"href":"https:\/\/www.europesays.com\/fr\/wp-json\/wp\/v2\/categories?post=362650"},{"taxonomy":"post_tag","embeddable":true,"href":"https:\/\/www.europesays.com\/fr\/wp-json\/wp\/v2\/tags?post=362650"}],"curies":[{"name":"wp","href":"https:\/\/api.w.org\/{rel}","templated":true}]}}