{"id":362652,"date":"2025-09-03T06:57:11","date_gmt":"2025-09-03T06:57:11","guid":{"rendered":"https:\/\/www.europesays.com\/fr\/362652\/"},"modified":"2025-09-03T06:57:11","modified_gmt":"2025-09-03T06:57:11","slug":"illkirch-graffenstaden-dans-les-ecoles-les-travaux-dete-portent-leurs-fruits-a-la-rentree","status":"publish","type":"post","link":"https:\/\/www.europesays.com\/fr\/362652\/","title":{"rendered":"Illkirch-Graffenstaden. Dans les \u00e9coles, les travaux d\u2019\u00e9t\u00e9 portent leurs fruits \u00e0 la rentr\u00e9e"},"content":{"rendered":"<p>Les voix claires et justes d\u2019une sacr\u00e9e chorale r\u00e9unissant cinq classes ont accueilli la d\u00e9l\u00e9gation municipale venue \u00e0 l\u2019\u00e9cole du Centre, ce mardi 2\u00a0septembre, <a href=\"https:\/\/www.dna.fr\/education\/2025\/09\/01\/plus-de-23-000-eleves-ont-fait-leur-rentree-scolaire-dans-les-116-etablissements-de-la-ville\" target=\"_blank\" rel=\"noopener\"> lendemain de rentr\u00e9e<\/a>. Les vacances n\u2019ont pas effac\u00e9 paroles et m\u00e9lodies de L\u2019Oiseau et l\u2019enfant \u00a0et\u00a0 Les Champs-Elys\u00e9es , r\u00e9p\u00e9t\u00e9es en fin d\u2019ann\u00e9e scolaire. Directrice pendant 17 ans de l\u2019\u00e9cole maternelle les Coquelicots de Geispolsheim, puis principale adjointe de coll\u00e8ge, Nadia Lesecq, nouvelle directrice du groupe scolaire, appr\u00e9cie la prestation. Celle qui succ\u00e8de \u00e0 Francis Berger, retrait\u00e9, se dit surtout soulag\u00e9e de voir les pav\u00e9s de la cour d\u2019\u00e9cole bien embo\u00eet\u00e9s, comme si de rien n\u2019\u00e9tait.<\/p>\n<p>En effet, \u00ab\u00a0toute la cour \u00e9tait ouverte pendant&#8230;<\/p>\n","protected":false},"excerpt":{"rendered":"Les voix claires et justes d\u2019une sacr\u00e9e chorale r\u00e9unissant cinq classes ont accueilli la d\u00e9l\u00e9gation municipale venue \u00e0&hellip;\n","protected":false},"author":2,"featured_media":362653,"comment_status":"","ping_status":"","sticky":false,"template":"","format":"standard","meta":{"footnotes":""},"categories":[2820],"tags":[1111,11,2880,1057,1777,674,107,1011,27,775,3088,10425,12,25,640,3089],"class_list":{"0":"post-362652","1":"post","2":"type-post","3":"status-publish","4":"format-standard","5":"has-post-thumbnail","7":"category-strasbourg","8":"tag-actu","9":"tag-actualites","10":"tag-edition-strasbourg","11":"tag-education","12":"tag-eu","13":"tag-europe","14":"tag-fil-info","15":"tag-fr","16":"tag-france","17":"tag-grand-est","18":"tag-illkirch-graffenstaden","19":"tag-maternelle-elementaire","20":"tag-news","21":"tag-republique-francaise","22":"tag-strasbourg","23":"tag-strasbourg-sud"},"share_on_mastodon":{"url":"https:\/\/pubeurope.com\/@fr\/115139067480804861","error":""},"_links":{"self":[{"href":"https:\/\/www.europesays.com\/fr\/wp-json\/wp\/v2\/posts\/362652","targetHints":{"allow":["GET"]}}],"collection":[{"href":"https:\/\/www.europesays.com\/fr\/wp-json\/wp\/v2\/posts"}],"about":[{"href":"https:\/\/www.europesays.com\/fr\/wp-json\/wp\/v2\/types\/post"}],"author":[{"embeddable":true,"href":"https:\/\/www.europesays.com\/fr\/wp-json\/wp\/v2\/users\/2"}],"replies":[{"embeddable":true,"href":"https:\/\/www.europesays.com\/fr\/wp-json\/wp\/v2\/comments?post=362652"}],"version-history":[{"count":0,"href":"https:\/\/www.europesays.com\/fr\/wp-json\/wp\/v2\/posts\/362652\/revisions"}],"wp:featuredmedia":[{"embeddable":true,"href":"https:\/\/www.europesays.com\/fr\/wp-json\/wp\/v2\/media\/362653"}],"wp:attachment":[{"href":"https:\/\/www.europesays.com\/fr\/wp-json\/wp\/v2\/media?parent=362652"}],"wp:term":[{"taxonomy":"category","embeddable":true,"href":"https:\/\/www.europesays.com\/fr\/wp-json\/wp\/v2\/categories?post=362652"},{"taxonomy":"post_tag","embeddable":true,"href":"https:\/\/www.europesays.com\/fr\/wp-json\/wp\/v2\/tags?post=362652"}],"curies":[{"name":"wp","href":"https:\/\/api.w.org\/{rel}","templated":true}]}}