{"id":362654,"date":"2025-09-03T06:58:15","date_gmt":"2025-09-03T06:58:15","guid":{"rendered":"https:\/\/www.europesays.com\/fr\/362654\/"},"modified":"2025-09-03T06:58:15","modified_gmt":"2025-09-03T06:58:15","slug":"un-test-de-caractere-pour-le-strasbourg-ath-face-a-sambre-avesnois","status":"publish","type":"post","link":"https:\/\/www.europesays.com\/fr\/362654\/","title":{"rendered":"un test de caract\u00e8re pour le Strasbourg ATH face \u00e0 Sambre Avesnois"},"content":{"rendered":"<p>De loin, cela peut s\u2019apparenter \u00e0 une reprise en douceur pour les \u201cPiraths\u201d. Sambre Avesnois, rel\u00e9gu\u00e9 sportivement lors du dernier exercice, a \u00e9t\u00e9 rep\u00each\u00e9 durant l\u2019\u00e9t\u00e9. Il a aussi \u00e9t\u00e9 battu avec autorit\u00e9 (33-23) lors de la pr\u00e9paration.<\/p>\n<p>Mais en s\u2019approchant de plus pr\u00e8s, il est \u00e9vident qu\u2019il faudra afficher une m\u00e9fiance d\u00e9cupl\u00e9e. Pour plein de raisons. L\u2019effectif du SATH a \u00e9t\u00e9 boulevers\u00e9 \u00e0 l\u2019intersaison, il est jeune, il doit aussi s\u2019adapter \u00e0 une nouvelle m\u00e9thode de travail&#8230;<\/p>\n","protected":false},"excerpt":{"rendered":"De loin, cela peut s\u2019apparenter \u00e0 une reprise en douceur pour les \u201cPiraths\u201d. Sambre Avesnois, rel\u00e9gu\u00e9 sportivement lors&hellip;\n","protected":false},"author":2,"featured_media":362655,"comment_status":"","ping_status":"","sticky":false,"template":"","format":"standard","meta":{"footnotes":""},"categories":[2820],"tags":[1111,11,2880,1777,674,107,1011,27,775,1792,3035,12,25,7770,517,640,18463],"class_list":{"0":"post-362654","1":"post","2":"type-post","3":"status-publish","4":"format-standard","5":"has-post-thumbnail","7":"category-strasbourg","8":"tag-actu","9":"tag-actualites","10":"tag-edition-strasbourg","11":"tag-eu","12":"tag-europe","13":"tag-fil-info","14":"tag-fr","15":"tag-france","16":"tag-grand-est","17":"tag-handball","18":"tag-la-matinale-strasbourg","19":"tag-news","20":"tag-republique-francaise","21":"tag-secteur-de-truchtersheim","22":"tag-sport","23":"tag-strasbourg","24":"tag-truchtersheim"},"share_on_mastodon":{"url":"https:\/\/pubeurope.com\/@fr\/115139071406227344","error":""},"_links":{"self":[{"href":"https:\/\/www.europesays.com\/fr\/wp-json\/wp\/v2\/posts\/362654","targetHints":{"allow":["GET"]}}],"collection":[{"href":"https:\/\/www.europesays.com\/fr\/wp-json\/wp\/v2\/posts"}],"about":[{"href":"https:\/\/www.europesays.com\/fr\/wp-json\/wp\/v2\/types\/post"}],"author":[{"embeddable":true,"href":"https:\/\/www.europesays.com\/fr\/wp-json\/wp\/v2\/users\/2"}],"replies":[{"embeddable":true,"href":"https:\/\/www.europesays.com\/fr\/wp-json\/wp\/v2\/comments?post=362654"}],"version-history":[{"count":0,"href":"https:\/\/www.europesays.com\/fr\/wp-json\/wp\/v2\/posts\/362654\/revisions"}],"wp:featuredmedia":[{"embeddable":true,"href":"https:\/\/www.europesays.com\/fr\/wp-json\/wp\/v2\/media\/362655"}],"wp:attachment":[{"href":"https:\/\/www.europesays.com\/fr\/wp-json\/wp\/v2\/media?parent=362654"}],"wp:term":[{"taxonomy":"category","embeddable":true,"href":"https:\/\/www.europesays.com\/fr\/wp-json\/wp\/v2\/categories?post=362654"},{"taxonomy":"post_tag","embeddable":true,"href":"https:\/\/www.europesays.com\/fr\/wp-json\/wp\/v2\/tags?post=362654"}],"curies":[{"name":"wp","href":"https:\/\/api.w.org\/{rel}","templated":true}]}}