{"id":362656,"date":"2025-09-03T06:59:11","date_gmt":"2025-09-03T06:59:11","guid":{"rendered":"https:\/\/www.europesays.com\/fr\/362656\/"},"modified":"2025-09-03T06:59:11","modified_gmt":"2025-09-03T06:59:11","slug":"therese-et-isabelle-du-04-12-2025-au-06-12-2025-nice","status":"publish","type":"post","link":"https:\/\/www.europesays.com\/fr\/362656\/","title":{"rendered":"Th\u00e9r\u00e8se et Isabelle &#8211; Du 04\/12\/2025 au 06\/12\/2025 &#8211; Nice"},"content":{"rendered":"<p>Le roman\u00a0Th\u00e9r\u00e8se et Isabelle, \u00e9crit par Violette Leduc en 1954 et publi\u00e9 dans une forme restreinte en 1966 aux \u00c9ditions Gallimard, est avant tout le r\u00e9cit d\u2019un premier amour lesbien. Longtemps censur\u00e9e, Marie Fortuit donne vie et voix \u00e0 cette \u0153uvre en l\u2019adaptant \u00e0 la sc\u00e8ne, pour un voyage au c\u0153ur de la langue fine et po\u00e9tique de cette grande autrice du XXe\u00a0si\u00e8cle. Bouleversante puissance d\u2019un d\u00e9sir, d\u2019un amour fou vou\u00e9 \u00e0 ne jamais pouvoir \u00eatre v\u00e9cu.<\/p>\n<p>&#13;<\/p>\n<p>Th\u00e9r\u00e8se et Isabelle sont deux jeunes femmes qui d\u00e9couvrent l\u2019amour et le plaisir charnel dans le pensionnat d\u2019un coll\u00e8ge du Nord de la France. Durant trois nuits, Th\u00e9r\u00e8se s\u2019initiera avec Isabelle au plaisir avant d\u2019\u00eatre d\u00e9couverte et s\u00e9par\u00e9e de son \u201camie\u201d par les adultes. Par sa po\u00e9sie, Violette Leduc montre comment le d\u00e9sir na\u00eet, comment il s\u2019\u00e9panouit et, surtout, comment il peut \u00eatre emp\u00each\u00e9, censur\u00e9. La blessure de ce premier amour sera toujours au c\u0153ur de sa litt\u00e9rature, qui scrute sans concession les diff\u00e9rents \u00e9tats de la condition f\u00e9minine : luttes f\u00e9ministes, avortement, homosexualit\u00e9, fragilit\u00e9 psychique et multiplicit\u00e9 des passions comme des d\u00e9sirs.\u00a0Th\u00e9r\u00e8se et Isabelle\u00a0ne para\u00eetra en version int\u00e9grale qu\u2019en 2000, soit 46 ans plus tard et 28 ans apr\u00e8s la mort de la romanci\u00e8re.<\/p>\n<p>&#13;<\/p>\n<p>Violette Leduc<br \/>Adaptation &amp; mise en sc\u00e8ne\u00a0Marie Fortuit<\/p>\n<p>&#13;<\/p>\n<p>Avec\u00a0Louise Chevillotte, Marine Helmlinger, Rapha\u00eblle Rousseau, Lucie Sansen<\/p>\n<p>&#13;<\/p>\n<p>Dur\u00e9e 1h45<\/p>\n<p>&#13;<\/p>\n<p>Infos\/billetterie en ligne :\u00a0<a href=\"https:\/\/www.tnn.fr\/fr\/spectacles\/saison-2025-2026\" target=\"_blank\" rel=\"nofollow noopener\">www.tnn.fr<\/a><\/p>\n<p>&#13;<\/p>\n<p>\u00a0<\/p>\n","protected":false},"excerpt":{"rendered":"Le roman\u00a0Th\u00e9r\u00e8se et Isabelle, \u00e9crit par Violette Leduc en 1954 et publi\u00e9 dans une forme restreinte en 1966&hellip;\n","protected":false},"author":2,"featured_media":362657,"comment_status":"","ping_status":"","sticky":false,"template":"","format":"standard","meta":{"footnotes":""},"categories":[2819],"tags":[1111,11,1777,674,1011,27,12,2401,882,25],"class_list":{"0":"post-362656","1":"post","2":"type-post","3":"status-publish","4":"format-standard","5":"has-post-thumbnail","7":"category-nice","8":"tag-actu","9":"tag-actualites","10":"tag-eu","11":"tag-europe","12":"tag-fr","13":"tag-france","14":"tag-news","15":"tag-nice","16":"tag-provence-alpes-cote-dazur","17":"tag-republique-francaise"},"share_on_mastodon":{"url":"https:\/\/pubeurope.com\/@fr\/115139075358738009","error":""},"_links":{"self":[{"href":"https:\/\/www.europesays.com\/fr\/wp-json\/wp\/v2\/posts\/362656","targetHints":{"allow":["GET"]}}],"collection":[{"href":"https:\/\/www.europesays.com\/fr\/wp-json\/wp\/v2\/posts"}],"about":[{"href":"https:\/\/www.europesays.com\/fr\/wp-json\/wp\/v2\/types\/post"}],"author":[{"embeddable":true,"href":"https:\/\/www.europesays.com\/fr\/wp-json\/wp\/v2\/users\/2"}],"replies":[{"embeddable":true,"href":"https:\/\/www.europesays.com\/fr\/wp-json\/wp\/v2\/comments?post=362656"}],"version-history":[{"count":0,"href":"https:\/\/www.europesays.com\/fr\/wp-json\/wp\/v2\/posts\/362656\/revisions"}],"wp:featuredmedia":[{"embeddable":true,"href":"https:\/\/www.europesays.com\/fr\/wp-json\/wp\/v2\/media\/362657"}],"wp:attachment":[{"href":"https:\/\/www.europesays.com\/fr\/wp-json\/wp\/v2\/media?parent=362656"}],"wp:term":[{"taxonomy":"category","embeddable":true,"href":"https:\/\/www.europesays.com\/fr\/wp-json\/wp\/v2\/categories?post=362656"},{"taxonomy":"post_tag","embeddable":true,"href":"https:\/\/www.europesays.com\/fr\/wp-json\/wp\/v2\/tags?post=362656"}],"curies":[{"name":"wp","href":"https:\/\/api.w.org\/{rel}","templated":true}]}}