{"id":362658,"date":"2025-09-03T07:00:11","date_gmt":"2025-09-03T07:00:11","guid":{"rendered":"https:\/\/www.europesays.com\/fr\/362658\/"},"modified":"2025-09-03T07:00:11","modified_gmt":"2025-09-03T07:00:11","slug":"afanador-du-22-11-2025-au-23-11-2025-nice","status":"publish","type":"post","link":"https:\/\/www.europesays.com\/fr\/362658\/","title":{"rendered":"Afanador &#8211; Du 22\/11\/2025 au 23\/11\/2025 &#8211; Nice"},"content":{"rendered":"<p>Ruven Afanador, photographe colombien, met son talent au service des plus grands magazines de mode,\u00a0Vogue\u00a0ou\u00a0Vanity Fair, mais se passionne aussi et surtout pour le flamenco. Ses magnifiques recueils de photos\u00a0Mil Besos\u00a0et\u00a0Angel Gitano\u00a0sont la source d\u2019inspiration de Marcos Morau, brillant et surprenant chor\u00e9graphe espagnol, pour cette cr\u00e9ation exceptionnelle avec le Ballet Nacional de Espa\u00f1a.<\/p>\n<p>Les 40 danseurs de la mythique compagnie fond\u00e9e par Antonio Gades, accompagn\u00e9s d\u2019un chanteur et deux guitaristes, nous convient \u00e0 une c\u00e9l\u00e9bration du travail d\u2019Afanador. Dans ce spectacle \u00e9poustouflant, flashs qui cr\u00e9pitent, jeux d\u2019ombres, jeux de jambes, jeux de mains, silhouettes immobiles et ensembles r\u00e9gl\u00e9s \u00e0 la perfection restituent son univers fantasm\u00e9. Ambitieuse, spectaculaire, c&rsquo;est une fusion irr\u00e9sistible des langages, de la photographie et du flamenco qui bouleverse les sens !<\/p>\n<p>&#13;<\/p>\n<p>Ballet Nacional de Espa\u00f1a, Marcos Morau, La Veronal<\/p>\n<p>&#13;<\/p>\n<p>Dur\u00e9e 1h35<\/p>\n<p>&#13;<\/p>\n<p>&gt;Infos\/billetterie en ligne :\u00a0<a href=\"https:\/\/www.lestheatres.net\/\" target=\"_blank\" rel=\"nofollow noopener\">www.lestheatres.net<\/a><\/p>\n","protected":false},"excerpt":{"rendered":"Ruven Afanador, photographe colombien, met son talent au service des plus grands magazines de mode,\u00a0Vogue\u00a0ou\u00a0Vanity Fair, mais se&hellip;\n","protected":false},"author":2,"featured_media":362659,"comment_status":"","ping_status":"","sticky":false,"template":"","format":"standard","meta":{"footnotes":""},"categories":[2819],"tags":[1111,11,1777,674,1011,27,12,2401,882,25],"class_list":{"0":"post-362658","1":"post","2":"type-post","3":"status-publish","4":"format-standard","5":"has-post-thumbnail","7":"category-nice","8":"tag-actu","9":"tag-actualites","10":"tag-eu","11":"tag-europe","12":"tag-fr","13":"tag-france","14":"tag-news","15":"tag-nice","16":"tag-provence-alpes-cote-dazur","17":"tag-republique-francaise"},"share_on_mastodon":{"url":"https:\/\/pubeurope.com\/@fr\/115139079877124277","error":""},"_links":{"self":[{"href":"https:\/\/www.europesays.com\/fr\/wp-json\/wp\/v2\/posts\/362658","targetHints":{"allow":["GET"]}}],"collection":[{"href":"https:\/\/www.europesays.com\/fr\/wp-json\/wp\/v2\/posts"}],"about":[{"href":"https:\/\/www.europesays.com\/fr\/wp-json\/wp\/v2\/types\/post"}],"author":[{"embeddable":true,"href":"https:\/\/www.europesays.com\/fr\/wp-json\/wp\/v2\/users\/2"}],"replies":[{"embeddable":true,"href":"https:\/\/www.europesays.com\/fr\/wp-json\/wp\/v2\/comments?post=362658"}],"version-history":[{"count":0,"href":"https:\/\/www.europesays.com\/fr\/wp-json\/wp\/v2\/posts\/362658\/revisions"}],"wp:featuredmedia":[{"embeddable":true,"href":"https:\/\/www.europesays.com\/fr\/wp-json\/wp\/v2\/media\/362659"}],"wp:attachment":[{"href":"https:\/\/www.europesays.com\/fr\/wp-json\/wp\/v2\/media?parent=362658"}],"wp:term":[{"taxonomy":"category","embeddable":true,"href":"https:\/\/www.europesays.com\/fr\/wp-json\/wp\/v2\/categories?post=362658"},{"taxonomy":"post_tag","embeddable":true,"href":"https:\/\/www.europesays.com\/fr\/wp-json\/wp\/v2\/tags?post=362658"}],"curies":[{"name":"wp","href":"https:\/\/api.w.org\/{rel}","templated":true}]}}