{"id":36266,"date":"2025-04-19T10:32:12","date_gmt":"2025-04-19T10:32:12","guid":{"rendered":"https:\/\/www.europesays.com\/fr\/36266\/"},"modified":"2025-04-19T10:32:12","modified_gmt":"2025-04-19T10:32:12","slug":"les-classements-apres-la-4e-course-en-motogp","status":"publish","type":"post","link":"https:\/\/www.europesays.com\/fr\/36266\/","title":{"rendered":"Les classements apr\u00e8s la 4e course en MotoGP"},"content":{"rendered":"<p>Dimanche soir, l&rsquo;Espagnol Marc Marquez (Ducati) est mont\u00e9 en r\u00e9gime tout au long de la course pour s&rsquo;imposer lors du <a href=\"https:\/\/www.20minutes.fr\/sport\/moto-gp\/\" class=\"color-ultramarine c-link\" target=\"_blank\" rel=\"noopener\">MotoGP<\/a> du <a href=\"https:\/\/www.20minutes.fr\/dossier\/qatar\" class=\"color-ultramarine c-link\" target=\"_blank\" rel=\"noopener\">Qatar<\/a> devant son compatriote Maverick Vinales (Tech3) et son co\u00e9quipier Francesco Bagnaia. Le Fran\u00e7ais Johann Zarco (LCR Honda) termine 5e.<\/p>\n<p class=\"mb-m@xs text-l@xs\">En cliquant sur\u00ab J\u2019accepte \u00bb, vous acceptez le d\u00e9p\u00f4t de cookies par des services externes et aurez ainsi acc\u00e8s aux contenus de nos partenaires.<\/p>\n<p class=\"mb-xl@xs text-s@xs\">Plus d\u2019informations sur la page<a href=\"https:\/\/www.20minutes.fr\/gestion-cookies\" class=\"mx-xxs@xs color-ultramarine\" target=\"_blank\" rel=\"noopener\">Politique de gestion des cookies<\/a><\/p>\n<p>J\u2019accepte<\/p>\n<p>Au classement g\u00e9n\u00e9ral, Marc Marquez augmente son avance en t\u00eate, apr\u00e8s avoir \u00e9galement remport\u00e9 la course sprint samedi. Parti en pole position, il a \u00e9t\u00e9 attaqu\u00e9 par Maverick Vinales avant de remettre les pendules \u00e0 l&rsquo;heure au 16e tour sur le circuit de Losail. C&rsquo;est sa troisi\u00e8me victoire en Grand Prix cette saison. Sa chute \u00e0 Austin, fin mars, n&rsquo;est qu&rsquo;un lointain souvenir. Maverick Vinales (Tech3), surprenant, obtient une excellente deuxi\u00e8me place et signe son premier podium de la saison. Il devance Francesco Bagnaia (Ducati). Les Fran\u00e7ais Johann Zarco (Honda LCR), 5e, et Fabio Quartararo (Yamaha) 8e, ont assur\u00e9 sur leur <a href=\"https:\/\/www.20minutes.fr\/sport\/moto\/\" class=\"color-ultramarine c-link\" target=\"_blank\" rel=\"noopener\">moto<\/a> et auraient pu esp\u00e9rer mieux.<\/p>\n<p>Le classement des pilotes au GP du Qatar 2025<\/p>\n<ul>\n<li>1 Marc Marquez &#8211; Ducati, 41&rsquo;29\u00a0\u00bb186<\/li>\n<li>2 Maverick Vinales &#8211; KTM Tech 3, \u00e0 1\u00a0\u00bb800<\/li>\n<li>3 Francesco Bagnaia &#8211; Ducati, \u00e0 4\u00a0\u00bb535<\/li>\n<li>4 Franco Morbidelli &#8211; Ducati VR46, \u00e0 6\u00a0\u00bb495<\/li>\n<li>5 Johann Zarco &#8211; Honda LCR, \u00e0 6\u00a0\u00bb668<\/li>\n<li>6 Fermin Aldeguer &#8211; Ducati Gresini, \u00e0 7\u00a0\u00bb484<\/li>\n<li>7 Alex Marquez &#8211; Ducati Gresini, \u00e0 9\u00a0\u00bb764<\/li>\n<li>8 Fabio Quartararo &#8211; Yamaha, \u00e0 12\u00a0\u00bb895<\/li>\n<li>9 Pedro Acosta &#8211; KTM, \u00e0 14\u00a0\u00bb219<\/li>\n<li>10 Marco Bezzecchi &#8211; Aprilia, \u00e0 14\u00a0\u00bb368<\/li>\n<li>11 Luca Marini &#8211; Honda, \u00e0 15\u00a0\u00bb137<\/li>\n<li>12 Enea Bastianini &#8211; KTM Tech 3, \u00e0 17\u00a0\u00bb459<\/li>\n<li>13 Alex Rins &#8211; Yamaha, \u00e0 17\u00a0\u00bb563<\/li>\n<li>14 Brad Binder &#8211; KTM, \u00e0 17\u00a0\u00bb632<\/li>\n<li>15 Ai Ogura &#8211; Aprilia Trackhouse Racing, \u00e0 18\u00a0\u00bb758<\/li>\n<li>16 Fabio Di Giannantonio &#8211; Ducati VR46, \u00e0 26\u00a0\u00bb340<\/li>\n<li>17 Raul Fernandez &#8211; Aprilia Trackhouse Racing \u00e0 26\u00a0\u00bb925<\/li>\n<li>18 Somkiat Chantra &#8211; Honda LCR &#8211; \u00e0 38\u00a0\u00bb186<\/li>\n<li>Jack Miller &#8211; Yamaha Pramac, abandon<\/li>\n<li>Jorge Martin &#8211; Aprilia, abandon<\/li>\n<\/ul>\n<p>Le classement g\u00e9n\u00e9ral des pilotes apr\u00e8s le GP du Qatar<\/p>\n<p>1. Marc Marquez (ESP \/ Ducati) 123 points<\/p>\n<p>2. Alex Marquez (ESP \/ Ducati-Gresini) 105<\/p>\n<p>3. Francesco Bagnaia (ITA \/ Ducati) 92<\/p>\n<p>4. Franco Morbidelli (ITA \/ Ducati-VR46) 75<\/p>\n<p>5. Fabio Di Giannantonio (ITA \/ Ducati-VR46) 48\ufeff<\/p>\n<p>6. Johann Zarco (FRA \/ Honda-LCR) 36<\/p>\n<p>7. Marco Bezzecchi (ITA \/ Aprilia) 31<\/p>\n<p>8. Ai Ogura (JPN \/ Aprilia-Trackhouse) 29<\/p>\n<p>9. Fabio Quartararo (FRA \/ Yamaha) 29<\/p>\n<p>10. Maverick Vinales (ESP \/ KTM-Tech 3) 26<\/p>\n<p>11. Luca Marini (ITA \/ Honda) 25<\/p>\n<p>12. Pedro Acosta (ESP \/ KTM) 23\ufeff<\/p>\n<p>13. Brad Binder (RSA \/ KTM) 21<\/p>\n<p>14. Enea Bastianini (ITA \/ KTM-Tech3) 20<\/p>\n<p>15. Jack Miller (AUS \/ Yamaha-Pramac) 19<\/p>\n<p>16. Fermin Aldeguer (ESP \/ Ducati-Gresini) 19<\/p>\n<p>17. Alex Rins (ESP \/ Yamaha) 13<\/p>\n<p>18. Joan Mir (ESP \/ Honda) 10<\/p>\n<p>19. Alex Rins (ESP \/ Yamaha) 10<\/p>\n<p>20. Raul Fernandez (ESP \/ Aprilia-Trackhouse) 5\ufeff<\/p>\n<p>21. Augusto Fernandez (ESP \/ Yamaha, pilote d\u2019essai) 3<\/p>\n<p>22. Miguel Oliveira (POR \/ Yamaha-Pramac) 2<\/p>\n<p>23. Lorenzo Savadori (ITA \/ Aprilia, pilote rempla\u00e7ant de Jorge Martin) 1<\/p>\n","protected":false},"excerpt":{"rendered":"Dimanche soir, l&rsquo;Espagnol Marc Marquez (Ducati) est mont\u00e9 en r\u00e9gime tout au long de la course pour s&rsquo;imposer&hellip;\n","protected":false},"author":2,"featured_media":36267,"comment_status":"","ping_status":"","sticky":false,"template":"","format":"standard","meta":{"footnotes":""},"categories":[1413],"tags":[1981,1680,1011,27,1741,1457,6033,1456,1463,517,60],"class_list":{"0":"post-36266","1":"post","2":"type-post","3":"status-publish","4":"format-standard","5":"has-post-thumbnail","7":"category-moto","8":"tag-classement","9":"tag-fabio-quartararo","10":"tag-fr","11":"tag-france","12":"tag-johann-zarco","13":"tag-moto","14":"tag-moto-gp","15":"tag-motocycle","16":"tag-qatar","17":"tag-sport","18":"tag-sports"},"share_on_mastodon":{"url":"https:\/\/pubeurope.com\/@fr\/114364176356552089","error":""},"_links":{"self":[{"href":"https:\/\/www.europesays.com\/fr\/wp-json\/wp\/v2\/posts\/36266","targetHints":{"allow":["GET"]}}],"collection":[{"href":"https:\/\/www.europesays.com\/fr\/wp-json\/wp\/v2\/posts"}],"about":[{"href":"https:\/\/www.europesays.com\/fr\/wp-json\/wp\/v2\/types\/post"}],"author":[{"embeddable":true,"href":"https:\/\/www.europesays.com\/fr\/wp-json\/wp\/v2\/users\/2"}],"replies":[{"embeddable":true,"href":"https:\/\/www.europesays.com\/fr\/wp-json\/wp\/v2\/comments?post=36266"}],"version-history":[{"count":0,"href":"https:\/\/www.europesays.com\/fr\/wp-json\/wp\/v2\/posts\/36266\/revisions"}],"wp:featuredmedia":[{"embeddable":true,"href":"https:\/\/www.europesays.com\/fr\/wp-json\/wp\/v2\/media\/36267"}],"wp:attachment":[{"href":"https:\/\/www.europesays.com\/fr\/wp-json\/wp\/v2\/media?parent=36266"}],"wp:term":[{"taxonomy":"category","embeddable":true,"href":"https:\/\/www.europesays.com\/fr\/wp-json\/wp\/v2\/categories?post=36266"},{"taxonomy":"post_tag","embeddable":true,"href":"https:\/\/www.europesays.com\/fr\/wp-json\/wp\/v2\/tags?post=36266"}],"curies":[{"name":"wp","href":"https:\/\/api.w.org\/{rel}","templated":true}]}}