{"id":362660,"date":"2025-09-03T07:01:16","date_gmt":"2025-09-03T07:01:16","guid":{"rendered":"https:\/\/www.europesays.com\/fr\/362660\/"},"modified":"2025-09-03T07:01:16","modified_gmt":"2025-09-03T07:01:16","slug":"intelligence-artificielle-un-data-center-cree-pour-les-acteurs-publics-en-pays-de-la-loire","status":"publish","type":"post","link":"https:\/\/www.europesays.com\/fr\/362660\/","title":{"rendered":"Intelligence artificielle\u00a0: un data center cr\u00e9\u00e9 pour les acteurs publics en Pays de la Loire"},"content":{"rendered":"<p>Le GIP (groupement d\u2019int\u00e9r\u00eat public) Gigalis, op\u00e9rateur public de services num\u00e9riques, a lanc\u00e9 une premi\u00e8re coop\u00e9ration in\u00e9dite publique-priv\u00e9e. Et a rassembl\u00e9 douze entreprises r\u00e9gionales, en pointe dans le domaine du num\u00e9rique, autour du lancement d\u2019une \u00ab\u00a0Fabrique IA territoriale\u00a0\u00bb.<\/p>\n<p>C\u2019est une mise en commun des connaissances autour de l\u2019intelligence artificielle au profit des acteurs publics, sur le territoire. <strong>\u00ab\u00a0Il s\u2019agit d\u2019une initiative unique en France\u00a0<strong>\u00bb<\/strong> <\/strong> souligne <a href=\"https:\/\/nantes.maville.com\/actu\/actudet_-laurent-dejoie-nouveau-patron-des-republicains-en-loire-atlantique-_8-6003972_actu.Htm\" target=\"_self\" rel=\"nofollow noopener\">Laurent Dejoie, vice-pr\u00e9sident du conseil r\u00e9gional des Pays de la Loire et pr\u00e9sident de Gigalis.<\/a><\/p>\n<p>D\u00e9carbonation<\/p>\n<p>\u00c0 cet effet, Gigalis vient de signer le bail d\u2019utilisation d\u2019un data center en Vend\u00e9e, dans des locaux propri\u00e9t\u00e9s de l\u2019agglom\u00e9ration des Sables-d\u2019Olonne.<strong> \u00ab\u00a0Ce data center sera exclusivement d\u00e9di\u00e9 aux entit\u00e9s publiques,<\/strong> explique\u00a0Filipe Bica, directeur de l\u2019activit\u00e9 data, IA, cyber et cloud. <strong>C\u2019est un serveur d\u2019h\u00e9bergement, avec une dimension environnementale.\u00a0Nous allons le transformer pour le d\u00e9carboner et en faire une r\u00e9f\u00e9rence au niveau national. <a href=\"https:\/\/www.ouest-france.fr\/leditiondusoir\/2025-03-05\/pourquoi-cette-cave-troglodyte-de-l-ouest-va-abriter-un-discret-centre-de-donnees-numeriques-dd74e76f-be86-48ab-b6cb-75c05721ac7e\" target=\"_self\" rel=\"nofollow noopener\">Parmi les solutions innovantes<\/a> que nous examinons, nous pourrions immerger le serveur dans un bain d\u2019huile qui permet le refroidissement sans production de CO2.\u00a0\u00bb<\/strong><\/p>\n<p>\u00catre utiles<\/p>\n<p><strong>\u00ab\u00a0Les collectivit\u00e9s publiques sont souvent consid\u00e9r\u00e9es en retard sur les questions d\u2019intelligence artificielle,<\/strong> regrette Laurent Dejoie. <strong>En rassemblant des entreprises innovantes avec des acteurs publics engag\u00e9s, nous faisons \u00e9merger un mod\u00e8le in\u00e9dit de coop\u00e9ration entre public et priv\u00e9, au service des territoires. \u00c0 la R\u00e9gion, par exemple, une solution IA permet aux agents de r\u00e9diger des comptes rendus assist\u00e9s et fait gagner 50\u00a0% de temps \u00e0 la r\u00e9daction. C\u2019est un confort de travail et une augmentation de productivit\u00e9, mais cela n\u2019exclut jamais la relecture.\u00a0\u00bb<\/strong><\/p>\n<p><a href=\"https:\/\/angers.maville.com\/actu\/actudet_-conseil-regional.-a-30-ans-l-angevine-constance-nebbula-elue-presidente-du-groupe-de-la-majorite-_9-4749019_actu.Htm\" target=\"_self\" rel=\"nofollow noopener\">Constance Nebbula, vice-pr\u00e9sidente de la R\u00e9gion des Pays de la Loire, pr\u00e9sidente d\u2019Open data France,<\/a> en charge du num\u00e9rique et de l\u2019IA au conseil r\u00e9gional, souligne qu\u2019en <strong>\u00ab\u00a0cr\u00e9ant la Fabrique IA territoriale, Gigalis agit en \u00e9claireur. Il d\u00e9montre qu\u2019il est possible de construire des cas d\u2019usage concrets, utiles aux services publics.\u00a0\u00bb<\/strong><\/p>\n<p>\u00a0<\/p>\n","protected":false},"excerpt":{"rendered":"Le GIP (groupement d\u2019int\u00e9r\u00eat public) Gigalis, op\u00e9rateur public de services num\u00e9riques, a lanc\u00e9 une premi\u00e8re coop\u00e9ration in\u00e9dite publique-priv\u00e9e.&hellip;\n","protected":false},"author":2,"featured_media":362661,"comment_status":"","ping_status":"","sticky":false,"template":"","format":"standard","meta":{"footnotes":""},"categories":[2818],"tags":[12253,1111,11,41869,5810,11803,12163,1777,674,1011,27,7424,3367,766,12,5457,2636,18889,25],"class_list":{"0":"post-362660","1":"post","2":"type-post","3":"status-publish","4":"format-standard","5":"has-post-thumbnail","7":"category-nantes","8":"tag-acteurs","9":"tag-actu","10":"tag-actualites","11":"tag-artificielle","12":"tag-center","13":"tag-cree","14":"tag-data","15":"tag-eu","16":"tag-europe","17":"tag-fr","18":"tag-france","19":"tag-intelligence","20":"tag-loire","21":"tag-nantes","22":"tag-news","23":"tag-pays","24":"tag-pays-de-la-loire","25":"tag-publics","26":"tag-republique-francaise"},"share_on_mastodon":{"url":"https:\/\/pubeurope.com\/@fr\/115139083194532232","error":""},"_links":{"self":[{"href":"https:\/\/www.europesays.com\/fr\/wp-json\/wp\/v2\/posts\/362660","targetHints":{"allow":["GET"]}}],"collection":[{"href":"https:\/\/www.europesays.com\/fr\/wp-json\/wp\/v2\/posts"}],"about":[{"href":"https:\/\/www.europesays.com\/fr\/wp-json\/wp\/v2\/types\/post"}],"author":[{"embeddable":true,"href":"https:\/\/www.europesays.com\/fr\/wp-json\/wp\/v2\/users\/2"}],"replies":[{"embeddable":true,"href":"https:\/\/www.europesays.com\/fr\/wp-json\/wp\/v2\/comments?post=362660"}],"version-history":[{"count":0,"href":"https:\/\/www.europesays.com\/fr\/wp-json\/wp\/v2\/posts\/362660\/revisions"}],"wp:featuredmedia":[{"embeddable":true,"href":"https:\/\/www.europesays.com\/fr\/wp-json\/wp\/v2\/media\/362661"}],"wp:attachment":[{"href":"https:\/\/www.europesays.com\/fr\/wp-json\/wp\/v2\/media?parent=362660"}],"wp:term":[{"taxonomy":"category","embeddable":true,"href":"https:\/\/www.europesays.com\/fr\/wp-json\/wp\/v2\/categories?post=362660"},{"taxonomy":"post_tag","embeddable":true,"href":"https:\/\/www.europesays.com\/fr\/wp-json\/wp\/v2\/tags?post=362660"}],"curies":[{"name":"wp","href":"https:\/\/api.w.org\/{rel}","templated":true}]}}