{"id":362666,"date":"2025-09-03T07:04:20","date_gmt":"2025-09-03T07:04:20","guid":{"rendered":"https:\/\/www.europesays.com\/fr\/362666\/"},"modified":"2025-09-03T07:04:20","modified_gmt":"2025-09-03T07:04:20","slug":"portes-ouvertes-livres-en-famille-pres-de-bordeaux-les-26-27-28-septembre","status":"publish","type":"post","link":"https:\/\/www.europesays.com\/fr\/362666\/","title":{"rendered":"Portes ouvertes Livres en Famille, pr\u00e8s de Bordeaux les 26, 27, 28 septembre"},"content":{"rendered":"<p>\t\t\t<img width=\"700\" height=\"989\" src=\"https:\/\/www.europesays.com\/fr\/wp-content\/uploads\/2025\/09\/photo-2025-08-29-23-50-04.jpg\" class=\"attachment-full size-full not-transparent wp-post-image\" alt=\"\" decoding=\"async\" fetchpriority=\"high\"   data-has-transparency=\"false\" data-dominant-color=\"b8b59f\" style=\"--dominant-color: #b8b59f;\"\/><\/p>\n<p>Trois jours de grand d\u00e9ballage :<\/p>\n<p>\u2013 Livres d\u2019occasion vendus au poids. De gros arrivages de l\u2019\u00e9t\u00e9 renouvellent le stock ! Un record est \u00e0 battre : 47 kg pour une personne !<\/p>\n<p>\u2013 R\u00e9duction sur tout le stock du magasin : livres, CD, DVD, statues, icones, chapelets, cartes postales drapeaux, autocollants\u2026.<\/p>\n<p>\u2013 Le stand traditionnel LES LIVRES DE NOTRE ENFANCE, sera l\u00e0 \u00e9galement avec des nouveaut\u00e9s et de bonnes affaires en perspective.<\/p>\n<p>VENEZ NOMBREUX, invitez vos amis, vos contacts \u00e0 d\u00e9couvrir notre librairie Livres en Famille au service de la famille !<\/p>\n<p>Les Buissonnets, 12 avenue de la r\u00e9publique, 33730 PRECHAC.<\/p>\n","protected":false},"excerpt":{"rendered":"Trois jours de grand d\u00e9ballage : \u2013 Livres d\u2019occasion vendus au poids. De gros arrivages de l\u2019\u00e9t\u00e9 renouvellent&hellip;\n","protected":false},"author":2,"featured_media":362667,"comment_status":"","ping_status":"","sticky":false,"template":"","format":"standard","meta":{"footnotes":""},"categories":[2817],"tags":[1111,11,1997,1777,674,1011,27,12,2219,25],"class_list":{"0":"post-362666","1":"post","2":"type-post","3":"status-publish","4":"format-standard","5":"has-post-thumbnail","7":"category-bordeaux","8":"tag-actu","9":"tag-actualites","10":"tag-bordeaux","11":"tag-eu","12":"tag-europe","13":"tag-fr","14":"tag-france","15":"tag-news","16":"tag-nouvelle-aquitaine","17":"tag-republique-francaise"},"share_on_mastodon":{"url":"https:\/\/pubeurope.com\/@fr\/115139095110558125","error":""},"_links":{"self":[{"href":"https:\/\/www.europesays.com\/fr\/wp-json\/wp\/v2\/posts\/362666","targetHints":{"allow":["GET"]}}],"collection":[{"href":"https:\/\/www.europesays.com\/fr\/wp-json\/wp\/v2\/posts"}],"about":[{"href":"https:\/\/www.europesays.com\/fr\/wp-json\/wp\/v2\/types\/post"}],"author":[{"embeddable":true,"href":"https:\/\/www.europesays.com\/fr\/wp-json\/wp\/v2\/users\/2"}],"replies":[{"embeddable":true,"href":"https:\/\/www.europesays.com\/fr\/wp-json\/wp\/v2\/comments?post=362666"}],"version-history":[{"count":0,"href":"https:\/\/www.europesays.com\/fr\/wp-json\/wp\/v2\/posts\/362666\/revisions"}],"wp:featuredmedia":[{"embeddable":true,"href":"https:\/\/www.europesays.com\/fr\/wp-json\/wp\/v2\/media\/362667"}],"wp:attachment":[{"href":"https:\/\/www.europesays.com\/fr\/wp-json\/wp\/v2\/media?parent=362666"}],"wp:term":[{"taxonomy":"category","embeddable":true,"href":"https:\/\/www.europesays.com\/fr\/wp-json\/wp\/v2\/categories?post=362666"},{"taxonomy":"post_tag","embeddable":true,"href":"https:\/\/www.europesays.com\/fr\/wp-json\/wp\/v2\/tags?post=362666"}],"curies":[{"name":"wp","href":"https:\/\/api.w.org\/{rel}","templated":true}]}}