{"id":362670,"date":"2025-09-03T07:06:09","date_gmt":"2025-09-03T07:06:09","guid":{"rendered":"https:\/\/www.europesays.com\/fr\/362670\/"},"modified":"2025-09-03T07:06:09","modified_gmt":"2025-09-03T07:06:09","slug":"un-bouchon-de-plusieurs-kilometres-en-cours","status":"publish","type":"post","link":"https:\/\/www.europesays.com\/fr\/362670\/","title":{"rendered":"un bouchon de plusieurs kilom\u00e8tres en cours"},"content":{"rendered":"<p>            Par<br \/>\n        <strong><br \/>\n            <a href=\"https:\/\/actu.fr\/auteur\/mareva-laville-actu-fr\" title=\"Consulter tous les articles de Mar\u00e9va Laville\" target=\"_blank\" rel=\"noopener\">Mar\u00e9va Laville<\/a><br \/>\n        <\/strong><\/p>\n<p>        Publi\u00e9 le<\/p>\n<p>            3 sept. 2025 \u00e0 8h49        <\/p>\n<p><strong>Quatre voitures<\/strong> subissent un <strong>accident<\/strong> ce mercredi 3\u00a0septembre 2025 matin sur le <a href=\"https:\/\/actu.fr\/tag\/peripherique-de-toulouse\" target=\"_blank\" rel=\"noopener\"><strong>p\u00e9riph\u00e9rique de Toulouse<\/strong><\/a>, dans le sens int\u00e9rieur.<\/p>\n<p>Un carambolage au niveau de Rangueil, sur le p\u00e9riph<\/p>\n<p class=\" wall-content\">Le <strong>carambolage<\/strong> a eu lieu dans le sens int\u00e9rieur, au sud de <a href=\"http:\/\/www.actu.fr\/toulouse\" target=\"_blank\" rel=\"noopener\">Toulouse<\/a>, au niveau de Rangueil, sur l\u2019A620.<\/p>\n<p>4\u00a0km de bouchons en cours<\/p>\n<p class=\" wall-content\">Vers 8h30, Bison Fut\u00e9 relatait un <strong>bouchon de 4\u00a0km<\/strong> qui s\u2019\u00e9tale sur le p\u00e9riph\u00e9rique int\u00e9rieur, depuis le secteur de la Halle de la Machine et jusqu\u2019\u00e0 Rangueil voire Empalot. L\u2019embouteillage concerne toutes les voies de circulation.<\/p>\n<p class=\" wall-content\">Personnalisez votre actualit\u00e9 en ajoutant vos villes et m\u00e9dias en favori avec <a href=\"https:\/\/moncompte.actu.fr\" title=\"D\u00e9couvez Mon Actu\" rel=\"nofollow noopener\" data-trk=\"{&quot;cta&quot;:{&quot;action&quot;:&quot;https:\\\/\\\/moncompte.actu.fr&quot;,&quot;category&quot;:&quot;mon compte&quot;,&quot;from&quot;:&quot;article footer&quot;,&quot;name&quot;:&quot;Mon actu&quot;,&quot;type&quot;:&quot;cta&quot;}}\" target=\"_blank\">Mon Actu<\/a>.<\/p>\n","protected":false},"excerpt":{"rendered":"Par Mar\u00e9va Laville Publi\u00e9 le 3 sept. 2025 \u00e0 8h49 Quatre voitures subissent un accident ce mercredi 3\u00a0septembre&hellip;\n","protected":false},"author":2,"featured_media":362671,"comment_status":"","ping_status":"","sticky":false,"template":"","format":"standard","meta":{"footnotes":""},"categories":[2816],"tags":[119,1111,11,1777,674,118,1011,27,12,2680,4800,25,2312],"class_list":{"0":"post-362670","1":"post","2":"type-post","3":"status-publish","4":"format-standard","5":"has-post-thumbnail","7":"category-toulouse","8":"tag-accident","9":"tag-actu","10":"tag-actualites","11":"tag-eu","12":"tag-europe","13":"tag-faits-divers","14":"tag-fr","15":"tag-france","16":"tag-news","17":"tag-occitanie","18":"tag-peripherique-de-toulouse","19":"tag-republique-francaise","20":"tag-toulouse"},"share_on_mastodon":{"url":"https:\/\/pubeurope.com\/@fr\/115139102938306874","error":""},"_links":{"self":[{"href":"https:\/\/www.europesays.com\/fr\/wp-json\/wp\/v2\/posts\/362670","targetHints":{"allow":["GET"]}}],"collection":[{"href":"https:\/\/www.europesays.com\/fr\/wp-json\/wp\/v2\/posts"}],"about":[{"href":"https:\/\/www.europesays.com\/fr\/wp-json\/wp\/v2\/types\/post"}],"author":[{"embeddable":true,"href":"https:\/\/www.europesays.com\/fr\/wp-json\/wp\/v2\/users\/2"}],"replies":[{"embeddable":true,"href":"https:\/\/www.europesays.com\/fr\/wp-json\/wp\/v2\/comments?post=362670"}],"version-history":[{"count":0,"href":"https:\/\/www.europesays.com\/fr\/wp-json\/wp\/v2\/posts\/362670\/revisions"}],"wp:featuredmedia":[{"embeddable":true,"href":"https:\/\/www.europesays.com\/fr\/wp-json\/wp\/v2\/media\/362671"}],"wp:attachment":[{"href":"https:\/\/www.europesays.com\/fr\/wp-json\/wp\/v2\/media?parent=362670"}],"wp:term":[{"taxonomy":"category","embeddable":true,"href":"https:\/\/www.europesays.com\/fr\/wp-json\/wp\/v2\/categories?post=362670"},{"taxonomy":"post_tag","embeddable":true,"href":"https:\/\/www.europesays.com\/fr\/wp-json\/wp\/v2\/tags?post=362670"}],"curies":[{"name":"wp","href":"https:\/\/api.w.org\/{rel}","templated":true}]}}