{"id":362672,"date":"2025-09-03T07:07:09","date_gmt":"2025-09-03T07:07:09","guid":{"rendered":"https:\/\/www.europesays.com\/fr\/362672\/"},"modified":"2025-09-03T07:07:09","modified_gmt":"2025-09-03T07:07:09","slug":"police-palais-des-beaux-arts-cybersecurite-la-mairie-de-lille-recrute-sur-divers-postes","status":"publish","type":"post","link":"https:\/\/www.europesays.com\/fr\/362672\/","title":{"rendered":"Police, palais des Beaux-arts, cybers\u00e9curit\u00e9&#8230; La Mairie de Lille recrute sur divers postes"},"content":{"rendered":"<p>            Par<br \/>\n        <strong><br \/>\n            <a href=\"https:\/\/actu.fr\/auteur\/margot-nicodeme\" title=\"Consulter tous les articles de Margot Nicod\u00e8me\" rel=\"nofollow noopener\" target=\"_blank\">Margot Nicod\u00e8me<\/a><br \/>\n        <\/strong><\/p>\n<p>        Publi\u00e9 le<\/p>\n<p>            3 sept. 2025 \u00e0 8h36        <\/p>\n<p>Que <b>d\u2019opportunit\u00e9s d\u2019emplois <\/b>qui fleurissent <b>dans le Nord<\/b>, en cette rentr\u00e9e 2025. La <a href=\"https:\/\/actu.fr\/societe\/lille-douai-roubaix-la-caf-recrute-dans-six-de-ses-agences-du-nord-en-cette-rentree-2025_63078205.html\" rel=\"nofollow noopener\" target=\"_blank\">CAF<\/a>, <a href=\"https:\/\/actu.fr\/hauts-de-france\/lille_59350\/emploi-vente-restauration-logistique-likea-de-lille-recrute-sur-plusieurs-postes-en-cette-rentree-2025_63094441.html\" rel=\"nofollow noopener\" target=\"_blank\">l\u2019Ikea de Lomme<\/a> et d\u00e9sormais <b>la Mairie de <a href=\"https:\/\/actu.fr\/hauts-de-france\/lille_59350\" rel=\"nofollow noopener\" target=\"_blank\">Lille<\/a><\/b>. La collectivit\u00e9 recrute en effet sur <b>plusieurs postes<\/b> en septembre, certains demandant des comp\u00e9tences tr\u00e8s techniques, mais d\u2019autres s\u2019adressant \u00e0 un plus large public.<\/p>\n<p>Police, palais des Beaux-arts, cybers\u00e9curit\u00e9\u2026 La mairie de Lille recrute en septembre 2025<\/p>\n<p class=\" wall-content\">Six nouvelles offres d\u2019emplois se sont ajout\u00e9es aux existantes, le 2 septembre 2025. La Ville de Lille fait ainsi savoir qu\u2019elle recherche :<\/p>\n<ul class=\" wall-content\">\n<li>Une ou administrateur du <a href=\"https:\/\/actu.fr\/tag\/palais-des-beaux-arts-de-lille\" rel=\"nofollow noopener\" target=\"_blank\">palais des Beaux-arts<\/a> (postuler avant le 22 septembre)<\/li>\n<li>Une ou un policier municipal de nuit (postuler avec le 7 septembre)<\/li>\n<li>Une ou un charg\u00e9 de formation (postuler avant le 7 septembre)<\/li>\n<li>Une ou un officier de s\u00e9curit\u00e9 en cybers\u00e9curit\u00e9 (postuler avant le 21 septembre)<\/li>\n<li>Une auxiliaire de vie (postuler avant le 1er octobre)<\/li>\n<\/ul>\n<p class=\" wall-content\">Si aucun de ces secteurs ne vous parle, un tour sur le site de la mairie peut tout de m\u00eame s\u2019av\u00e9rer fructueux. En effet, il regorge de nombreuses offres qui n\u2019ont pas encore trouv\u00e9 preneurs, comme <b>agent technique polyvalent<\/b>, <b>\u00e9lectricien<\/b>, <b>auxiliaires de pu\u00e9riculture<\/b>, <b>concierge en \u00e9quipements sportifs<\/b>, <b>jardinier<\/b>\u2026 Il est possible de candidater <a href=\"https:\/\/ville-lille.gestmax.fr\/search\" rel=\"nofollow noopener\" target=\"_blank\">directement en ligne<\/a>.<\/p>\n<p class=\" wall-content\">Personnalisez votre actualit\u00e9 en ajoutant vos villes et m\u00e9dias en favori avec <a href=\"https:\/\/moncompte.actu.fr\" title=\"D\u00e9couvez Mon Actu\" rel=\"nofollow noopener\" data-trk=\"{&quot;cta&quot;:{&quot;action&quot;:&quot;https:\\\/\\\/moncompte.actu.fr&quot;,&quot;category&quot;:&quot;mon compte&quot;,&quot;from&quot;:&quot;article footer&quot;,&quot;name&quot;:&quot;Mon actu&quot;,&quot;type&quot;:&quot;cta&quot;}}\" target=\"_blank\">Mon Actu<\/a>.<\/p>\n","protected":false},"excerpt":{"rendered":"Par Margot Nicod\u00e8me Publi\u00e9 le 3 sept. 2025 \u00e0 8h36 Que d\u2019opportunit\u00e9s d\u2019emplois qui fleurissent dans le Nord,&hellip;\n","protected":false},"author":2,"featured_media":362673,"comment_status":"","ping_status":"","sticky":false,"template":"","format":"standard","meta":{"footnotes":""},"categories":[2815],"tags":[1111,11,33,341,1777,674,1011,27,811,1307,12,25],"class_list":{"0":"post-362672","1":"post","2":"type-post","3":"status-publish","4":"format-standard","5":"has-post-thumbnail","7":"category-lille","8":"tag-actu","9":"tag-actualites","10":"tag-economie","11":"tag-emploi","12":"tag-eu","13":"tag-europe","14":"tag-fr","15":"tag-france","16":"tag-hauts-de-france","17":"tag-lille","18":"tag-news","19":"tag-republique-francaise"},"share_on_mastodon":{"url":"https:\/\/pubeurope.com\/@fr\/115139106832123480","error":""},"_links":{"self":[{"href":"https:\/\/www.europesays.com\/fr\/wp-json\/wp\/v2\/posts\/362672","targetHints":{"allow":["GET"]}}],"collection":[{"href":"https:\/\/www.europesays.com\/fr\/wp-json\/wp\/v2\/posts"}],"about":[{"href":"https:\/\/www.europesays.com\/fr\/wp-json\/wp\/v2\/types\/post"}],"author":[{"embeddable":true,"href":"https:\/\/www.europesays.com\/fr\/wp-json\/wp\/v2\/users\/2"}],"replies":[{"embeddable":true,"href":"https:\/\/www.europesays.com\/fr\/wp-json\/wp\/v2\/comments?post=362672"}],"version-history":[{"count":0,"href":"https:\/\/www.europesays.com\/fr\/wp-json\/wp\/v2\/posts\/362672\/revisions"}],"wp:featuredmedia":[{"embeddable":true,"href":"https:\/\/www.europesays.com\/fr\/wp-json\/wp\/v2\/media\/362673"}],"wp:attachment":[{"href":"https:\/\/www.europesays.com\/fr\/wp-json\/wp\/v2\/media?parent=362672"}],"wp:term":[{"taxonomy":"category","embeddable":true,"href":"https:\/\/www.europesays.com\/fr\/wp-json\/wp\/v2\/categories?post=362672"},{"taxonomy":"post_tag","embeddable":true,"href":"https:\/\/www.europesays.com\/fr\/wp-json\/wp\/v2\/tags?post=362672"}],"curies":[{"name":"wp","href":"https:\/\/api.w.org\/{rel}","templated":true}]}}