{"id":362677,"date":"2025-09-03T07:10:10","date_gmt":"2025-09-03T07:10:10","guid":{"rendered":"https:\/\/www.europesays.com\/fr\/362677\/"},"modified":"2025-09-03T07:10:10","modified_gmt":"2025-09-03T07:10:10","slug":"les-profils-dangereux-quand-ils-sont-etrangers-doivent-etre-expulses-fustige-eric-ciotti","status":"publish","type":"post","link":"https:\/\/www.europesays.com\/fr\/362677\/","title":{"rendered":"\u00abLes profils dangereux, quand ils sont \u00e9trangers, doivent \u00eatre expuls\u00e9s\u00bb, fustige \u00c9ric Ciotti"},"content":{"rendered":"<p class=\"intro \">Invit\u00e9 de La Grande interview ce mercredi 3 septembre sur Europe 1 et CNews, \u00c9ric Ciotti est revenu sur l&rsquo;attaque au couteau survenue ce mardi \u00e0 Marseille. Alors que l&rsquo;assaillant, un Tunisien en situation r\u00e9guli\u00e8re et connu par la justice pour des propos antis\u00e9mites et des violences intraconjugales, le candidat \u00e0 la mairie de Nice et pr\u00e9sident de l\u2019UDR d\u00e9nonce un certain laxisme des autorit\u00e9s.<\/p>\n<p>L\u2019attaque au couteau \u00e0 <a href=\"https:\/\/www.europe1.fr\/dossiers\/marseille\" rel=\"nofollow noopener\" target=\"_blank\">Marseille<\/a>, survenue ce mercredi en plein c\u0153ur de la cit\u00e9 phoc\u00e9enne, a fait cinq bless\u00e9s dont un grave. L\u2019assaillant, un Tunisien en situation r\u00e9guli\u00e8re, non fich\u00e9 S mais bien connu des renseignements territoriaux, a \u00e9t\u00e9 abattu par les forces de l\u2019ordre.\u00a0<\/p>\n<p>    La suite apr\u00e8s cette publicit\u00e9<\/p>\n<p>    La suite apr\u00e8s cette publicit\u00e9<\/p>\n<p>\u00ab\u00a0Ce n&rsquo;est pas \u00e0 la France de prendre \u00e0 sa charge tous les cas psychiatriques\u00a0\u00bb<\/p>\n<p>\u00ab\u00a0Les profils dangereux, quand ils sont \u00e9trangers, doivent \u00eatre expuls\u00e9s\u00a0\u00bb, estime ce mercredi matin \u00c9ric Ciotti, au micro de Sonia Mabrouk, alors que le\u00a0titre de s\u00e9jour de l&rsquo;assaillant avait \u00e9t\u00e9 valide jusqu\u2019en 2032.\u00a0<\/p>\n<p>\u00ab\u00a0Ce n&rsquo;est pas \u00e0 la France de prendre \u00e0 sa charge tous les cas psychiatriques, toutes les personnes dangereuses, tous les criminels, tous les d\u00e9linquants, qu&rsquo;ils viennent de n&rsquo;importe quel pays\u00a0\u00bb, fustige le patron de l&rsquo;UDR. \u00ab\u00a0Pourquoi on les garde ?\u00a0\u00bb, s&rsquo;interroge-t-il.\u00a0<\/p><\/p>\n","protected":false},"excerpt":{"rendered":"Invit\u00e9 de La Grande interview ce mercredi 3 septembre sur Europe 1 et CNews, \u00c9ric Ciotti est revenu&hellip;\n","protected":false},"author":2,"featured_media":362678,"comment_status":"","ping_status":"","sticky":false,"template":"","format":"standard","meta":{"footnotes":""},"categories":[2814],"tags":[1111,11,1777,674,1011,27,884,12,882,25],"class_list":{"0":"post-362677","1":"post","2":"type-post","3":"status-publish","4":"format-standard","5":"has-post-thumbnail","7":"category-marseille","8":"tag-actu","9":"tag-actualites","10":"tag-eu","11":"tag-europe","12":"tag-fr","13":"tag-france","14":"tag-marseille","15":"tag-news","16":"tag-provence-alpes-cote-dazur","17":"tag-republique-francaise"},"share_on_mastodon":{"url":"https:\/\/pubeurope.com\/@fr\/115139118664376846","error":""},"_links":{"self":[{"href":"https:\/\/www.europesays.com\/fr\/wp-json\/wp\/v2\/posts\/362677","targetHints":{"allow":["GET"]}}],"collection":[{"href":"https:\/\/www.europesays.com\/fr\/wp-json\/wp\/v2\/posts"}],"about":[{"href":"https:\/\/www.europesays.com\/fr\/wp-json\/wp\/v2\/types\/post"}],"author":[{"embeddable":true,"href":"https:\/\/www.europesays.com\/fr\/wp-json\/wp\/v2\/users\/2"}],"replies":[{"embeddable":true,"href":"https:\/\/www.europesays.com\/fr\/wp-json\/wp\/v2\/comments?post=362677"}],"version-history":[{"count":0,"href":"https:\/\/www.europesays.com\/fr\/wp-json\/wp\/v2\/posts\/362677\/revisions"}],"wp:featuredmedia":[{"embeddable":true,"href":"https:\/\/www.europesays.com\/fr\/wp-json\/wp\/v2\/media\/362678"}],"wp:attachment":[{"href":"https:\/\/www.europesays.com\/fr\/wp-json\/wp\/v2\/media?parent=362677"}],"wp:term":[{"taxonomy":"category","embeddable":true,"href":"https:\/\/www.europesays.com\/fr\/wp-json\/wp\/v2\/categories?post=362677"},{"taxonomy":"post_tag","embeddable":true,"href":"https:\/\/www.europesays.com\/fr\/wp-json\/wp\/v2\/tags?post=362677"}],"curies":[{"name":"wp","href":"https:\/\/api.w.org\/{rel}","templated":true}]}}