{"id":362679,"date":"2025-09-03T07:11:09","date_gmt":"2025-09-03T07:11:09","guid":{"rendered":"https:\/\/www.europesays.com\/fr\/362679\/"},"modified":"2025-09-03T07:11:09","modified_gmt":"2025-09-03T07:11:09","slug":"ce-cinema-de-lyon-serait-lendroit-ideal-pour-trouver-lamour","status":"publish","type":"post","link":"https:\/\/www.europesays.com\/fr\/362679\/","title":{"rendered":"Ce cin\u00e9ma de Lyon serait l\u2019endroit id\u00e9al pour trouver l\u2019amour"},"content":{"rendered":"<p>L\u2019application <a href=\"https:\/\/www.happn.com\/fr\/\" target=\"_blank\" rel=\"noopener\">happn<\/a> et les cin\u00e9mas <a href=\"https:\/\/www.ugc.fr\/?gad_source=1&amp;gad_campaignid=22382788279&amp;gclid=CjwKCAjwq9rFBhAIEiwAGVAZP2bpf9qY7De8odBkGWyE5Vp7PvwrHpaIVbqzCMAKk_RmGeJeNv6nuxoCt7YQAvD_BwE\" target=\"_blank\" rel=\"noopener\">UGC<\/a> ont d\u00e9cid\u00e9 de s\u2019associer le temps d\u2019une \u00e9tude. Cette derni\u00e8re porte sur le cin\u00e9ma comme lieu id\u00e9al pour un premier rendez-vous. C\u2019est en tout cas ce que pensent 94% des personnes interrog\u00e9es lors d\u2019un sondage en ao\u00fbt dernier.<\/p>\n<p>\u00ab\u00a0V\u00e9ritable terrain de jeu des c\u00e9libataires, la salle obscure reste un classique du dating : un moment l\u00e9ger pour rire ensemble devant une com\u00e9die (36%), partager des \u00e9motions avec un film romantique (21%), ou se rapprocher devant un thriller (16%)\u00a0\u00bb, indique l\u2019\u00e9tude qui d\u00e9voile \u00e9galement \u00ab\u00a0les 10 salles de cin\u00e9ma de France o\u00f9 il y a le plus de Crush\u00a0\u00bb.<\/p>\n<p>Un cin\u00e9ma de Lyon se distingue dans ce classement. L\u2019UGC Cin\u00e9 Cit\u00e9 Part-Dieu dans le 3e arrondissement prend la 10e place avec un jour de la semaine en particulier o\u00f9 il y a de fortes chances de tomber sous le charme de son rendez-vous. Il s\u2019agit\u2026 du dimanche !<\/p>\n","protected":false},"excerpt":{"rendered":"L\u2019application happn et les cin\u00e9mas UGC ont d\u00e9cid\u00e9 de s\u2019associer le temps d\u2019une \u00e9tude. Cette derni\u00e8re porte sur&hellip;\n","protected":false},"author":2,"featured_media":362680,"comment_status":"","ping_status":"","sticky":false,"template":"","format":"standard","meta":{"footnotes":""},"categories":[1889],"tags":[1111,11,2813,2190,2430,1109,251,1112,2811,1777,674,118,1294,4651,1011,27,1922,1110,1114,2428,4903,4902,12,241,316,25,2812,517,800],"class_list":{"0":"post-362679","1":"post","2":"type-post","3":"status-publish","4":"format-standard","5":"has-post-thumbnail","7":"category-lyon","8":"tag-actu","9":"tag-actualites","10":"tag-article","11":"tag-asvel","12":"tag-auvergne-rhone-alpes","13":"tag-breves","14":"tag-culture","15":"tag-depeches","16":"tag-economique","17":"tag-eu","18":"tag-europe","19":"tag-faits-divers","20":"tag-femme","21":"tag-femmes","22":"tag-fr","23":"tag-france","24":"tag-info","25":"tag-informations","26":"tag-infos","27":"tag-lyon","28":"tag-lyonfemme","29":"tag-lyonfemmes","30":"tag-news","31":"tag-ol","32":"tag-politique","33":"tag-republique-francaise","34":"tag-sociale","35":"tag-sport","36":"tag-transports"},"share_on_mastodon":{"url":"https:\/\/pubeurope.com\/@fr\/115139122522040010","error":""},"_links":{"self":[{"href":"https:\/\/www.europesays.com\/fr\/wp-json\/wp\/v2\/posts\/362679","targetHints":{"allow":["GET"]}}],"collection":[{"href":"https:\/\/www.europesays.com\/fr\/wp-json\/wp\/v2\/posts"}],"about":[{"href":"https:\/\/www.europesays.com\/fr\/wp-json\/wp\/v2\/types\/post"}],"author":[{"embeddable":true,"href":"https:\/\/www.europesays.com\/fr\/wp-json\/wp\/v2\/users\/2"}],"replies":[{"embeddable":true,"href":"https:\/\/www.europesays.com\/fr\/wp-json\/wp\/v2\/comments?post=362679"}],"version-history":[{"count":0,"href":"https:\/\/www.europesays.com\/fr\/wp-json\/wp\/v2\/posts\/362679\/revisions"}],"wp:featuredmedia":[{"embeddable":true,"href":"https:\/\/www.europesays.com\/fr\/wp-json\/wp\/v2\/media\/362680"}],"wp:attachment":[{"href":"https:\/\/www.europesays.com\/fr\/wp-json\/wp\/v2\/media?parent=362679"}],"wp:term":[{"taxonomy":"category","embeddable":true,"href":"https:\/\/www.europesays.com\/fr\/wp-json\/wp\/v2\/categories?post=362679"},{"taxonomy":"post_tag","embeddable":true,"href":"https:\/\/www.europesays.com\/fr\/wp-json\/wp\/v2\/tags?post=362679"}],"curies":[{"name":"wp","href":"https:\/\/api.w.org\/{rel}","templated":true}]}}