{"id":362689,"date":"2025-09-03T07:17:21","date_gmt":"2025-09-03T07:17:21","guid":{"rendered":"https:\/\/www.europesays.com\/fr\/362689\/"},"modified":"2025-09-03T07:17:21","modified_gmt":"2025-09-03T07:17:21","slug":"ce-week-end-des-6-et-7-septembre-des-trains-entre-paris-et-la-normandie-ne-circuleront-pas","status":"publish","type":"post","link":"https:\/\/www.europesays.com\/fr\/362689\/","title":{"rendered":"Ce week-end des 6 et 7\u00a0septembre, des trains entre Paris et la Normandie ne circuleront pas"},"content":{"rendered":"<p>Les travaux SNCF se poursuivent. Les trains ne circuleront pas entre Paris et \u00c9vreux (Eure), du samedi\u00a06 \u00e0 partir de midi et jusqu\u2019\u00e0 16\u00a0h, dimanche 7\u00a0septembre 2025, sur les lignes Paris-Caen-Cherbourg-en-Cotentin, Paris-Trouville-Deauville et Paris-Evreux-Caen et ce, dans les deux sens, informe la <a href=\"https:\/\/www.ouest-france.fr\/economie\/transports\/sncf\/\" target=\"_blank\" rel=\"noopener\">SNCF<\/a>, sur ses r\u00e9seaux.<\/p>\n<p>Il peut \u00eatre toutefois possible de prendre le train entre Paris et la Normandie dans les deux sens mais il faudra voyager plus longtemps. Ainsi, dimanche, un train partira de Saint-Lazare \u00e0 12\u00a0h\u00a040 et reliera Caen en 4\u00a0heures et 11\u00a0mn avec une correspondance \u00e0 Rouen (Seine-Maritime).<\/p>\n<p>Sans attendre 16\u00a0h, heure de reprise du trafic dimanche, le Krono +\u00a03345, au d\u00e9part de Paris-Saint-Lazare, dimanche \u00e0 15\u00a0h\u00a058, sera direct jusqu\u2019\u00e0 Caen avec une arriv\u00e9e pr\u00e9vue \u00e0 17\u00a0h\u00a056.<\/p>\n<p>\n                Nous avons bloqu\u00e9 l\u2019affichage de ce contenu pour respecter vos choix en mati\u00e8re de cookies.<br \/>En cliquant sur \u00abConsulter\u00bb, vous acceptez le d\u00e9p\u00f4t de cookies par des services de r\u00e9seaux sociaux tels que Twitter.<br \/>\n                Consulter\n            <\/p>\n<blockquote class=\"twitter-tweet\" wp_automatic_readability=\"6.8321167883212\">\n<p lang=\"fr\" dir=\"ltr\">?? Travaux<br \/>?? Ligne Paris\/Caen\/Cherbourg<br \/>??? Du 6 au 7\/09<br \/>?Samedi \u00e0 partir de 12h, jusqu&rsquo;au dimanche 16h, interruption des circulations entre Paris et Evreux.<br \/>Info horaire?? <a href=\"https:\/\/t.co\/MIvGJWSHsm\">https:\/\/t.co\/MIvGJWSHsm<\/a> <a href=\"https:\/\/t.co\/65F9O1EraV\">pic.twitter.com\/65F9O1EraV<\/a><\/p>\n<p>\u2014 SNCF NOMAD TRAIN (@train_nomad) <a href=\"https:\/\/twitter.com\/train_nomad\/status\/1962815253906886984?ref_src=twsrc%5Etfw\" target=\"_blank\" rel=\"noopener\">September 2, 2025<\/a><\/p><\/blockquote>\n<p>\t<img decoding=\"async\" src=\"https:\/\/www.europesays.com\/fr\/wp-content\/uploads\/2025\/09\/P35437375D6956912G_px_640_.jpg\" alt=\"photo la circulation des trains sera perturb\u00e9e entre paris-saint-lazare et \u00e9vreux, ce week-end des 6 et 7\u00a0septembre 2025.  \u00a9  capture d\u2019\u00e9cran sncf nomad\" width=\"640\" title=\" La circulation des trains sera perturb\u00e9e entre Paris-Saint-Lazare et \u00c9vreux, ce week-end des 6 et 7\u00a0septembre 2025.   Capture d\u2019\u00e9cran SNCF Nomad \"\/><\/p>\n<p class=\"elmt-legende\"> La circulation des trains sera perturb\u00e9e entre Paris-Saint-Lazare et \u00c9vreux, ce week-end des 6 et 7\u00a0septembre 2025.   Capture d\u2019\u00e9cran SNCF Nomad <\/p>\n<p>Modifications de circulation entre Paris et Argentan<\/p>\n<p>Toujours ce week-end des 6 et 7\u00a0septembre, les trains ne circuleront pas entre\u00a0Paris et Argentan (Orne) sur la ligne Paris-Argentan-Granville, dans les deux sens. La circulation reprendra lundi 8\u00a0septembre.<\/p>\n<p>\u00c0 noter que les trains ne circuleront pas ce lundi entre Argentan et Dreux (Eure-et-Loire), jusqu\u2019\u00e0 5\u00a0h, le matin.<\/p>\n<p>\t<img decoding=\"async\" src=\"https:\/\/www.europesays.com\/fr\/wp-content\/uploads\/2025\/09\/P35437376D6956912G_px_640_.jpg\" alt=\"photo la circulation des trains sera perturb\u00e9e entre paris-montparnasse et argentan, ce week-end des 6 et 7\u00a0septembre 2025.  \u00a9  capture d\u2019\u00e9cran sncf nomad\" width=\"640\" title=\" La circulation des trains sera perturb\u00e9e entre Paris-Montparnasse et Argentan, ce week-end des 6 et 7\u00a0septembre 2025.   Capture d\u2019\u00e9cran SNCF Nomad \"\/><\/p>\n<p class=\"elmt-legende\"> La circulation des trains sera perturb\u00e9e entre Paris-Montparnasse et Argentan, ce week-end des 6 et 7\u00a0septembre 2025.   Capture d\u2019\u00e9cran SNCF Nomad <\/p>\n<p>\n                Nous avons bloqu\u00e9 l\u2019affichage de ce contenu pour respecter vos choix en mati\u00e8re de cookies.<br \/>En cliquant sur \u00abConsulter\u00bb, vous acceptez le d\u00e9p\u00f4t de cookies par des services de r\u00e9seaux sociaux tels que Twitter.<br \/>\n                Consulter\n            <\/p>\n<blockquote class=\"twitter-tweet\" wp_automatic_readability=\"6.1094674556213\">\n<p lang=\"fr\" dir=\"ltr\">?? Travaux<br \/>?? Ligne Paris\/Argentan\/Granville<br \/>??? Du 6 au 7\/09<br \/>?Interruption des circulations entre Paris et Argentan.<br \/>??? Le 8\/09 jusqu&rsquo;\u00e0 5h<br \/>?Interruption des circulations entre Dreux et Argentan.<br \/>??Car de substitution \u00e0 r\u00e9servation obligatoire<br \/>Info horaire??\u2026 <a href=\"https:\/\/t.co\/tnOQXAIYUu\">pic.twitter.com\/tnOQXAIYUu<\/a><\/p>\n<p>\u2014 SNCF NOMAD TRAIN (@train_nomad) <a href=\"https:\/\/twitter.com\/train_nomad\/status\/1962812795319161329?ref_src=twsrc%5Etfw\" target=\"_blank\" rel=\"noopener\">September 2, 2025<\/a><\/p><\/blockquote>\n<p>La cause de ces modifications de la circulation ferroviaire dans une partie de la Normandie\u00a0? Les travaux Eole (prolongement du RER E sur 55\u00a0km vers la Normandie) vers l\u2019ouest et le changement des tabliers du pont ferroviaire des Souverains (XVIIe\u00a0arrondissement de Paris). Pour rappel, <strong>\u00ab\u00a0ce pont ferroviaire date de 1868. L\u2019ensemble des 1\u00a0600\u00a0trains, dont les trains normands, desservant la gare Saint-Lazare, y passent, <\/strong>informe la SNCF.<strong> Le remplacement du tablier est une op\u00e9ration indispensable pour maintenir la fiabilit\u00e9 des circulations des trains Nomad (et de certaines lignes du Transilien)\u00a0\u00bb.<\/strong><\/p>\n<p>La SNCF invite les passagers et les passag\u00e8res \u00e0 prendre leurs dispositions pour voyager d\u00e8s que possible.<\/p>\n<p>\u00c0 noter que samedi\u00a013 et dimanche 14\u00a0septembre 2025, les trains ne circuleront pas \u00e0 nouveau entre le samedi midi et le dimanche\u00a016 h, entre Paris-Saint-Lazare et \u00c9vreux sur les lignes\u00a0Paris-Caen-Cherbourg-en-Cotentin et Paris-Evreux-Caen et ce, dans les deux sens.<\/p>\n<p>\u00a0<\/p>\n<p>\t\t<script async src=\"https:\/\/platform.twitter.com\/widgets.js\" charset=\"utf-8\"><\/script><\/p>\n","protected":false},"excerpt":{"rendered":"Les travaux SNCF se poursuivent. Les trains ne circuleront pas entre Paris et \u00c9vreux (Eure), du samedi\u00a06 \u00e0&hellip;\n","protected":false},"author":2,"featured_media":362690,"comment_status":"","ping_status":"","sticky":false,"template":"","format":"standard","meta":{"footnotes":""},"categories":[1888],"tags":[28015,3691,11,5492,41628,1777,674,1011,27,12,5161,626,25,395,5811,4064],"class_list":{"0":"post-362689","1":"post","2":"type-post","3":"status-publish","4":"format-standard","5":"has-post-thumbnail","7":"category-paris","8":"tag-28015","9":"tag-3691","10":"tag-actualites","11":"tag-caen","12":"tag-circuleront","13":"tag-eu","14":"tag-europe","15":"tag-fr","16":"tag-france","17":"tag-news","18":"tag-normandie","19":"tag-paris","20":"tag-republique-francaise","21":"tag-septembre","22":"tag-trains","23":"tag-week-end"},"share_on_mastodon":{"url":"https:\/\/pubeurope.com\/@fr\/115139146614506929","error":""},"_links":{"self":[{"href":"https:\/\/www.europesays.com\/fr\/wp-json\/wp\/v2\/posts\/362689","targetHints":{"allow":["GET"]}}],"collection":[{"href":"https:\/\/www.europesays.com\/fr\/wp-json\/wp\/v2\/posts"}],"about":[{"href":"https:\/\/www.europesays.com\/fr\/wp-json\/wp\/v2\/types\/post"}],"author":[{"embeddable":true,"href":"https:\/\/www.europesays.com\/fr\/wp-json\/wp\/v2\/users\/2"}],"replies":[{"embeddable":true,"href":"https:\/\/www.europesays.com\/fr\/wp-json\/wp\/v2\/comments?post=362689"}],"version-history":[{"count":0,"href":"https:\/\/www.europesays.com\/fr\/wp-json\/wp\/v2\/posts\/362689\/revisions"}],"wp:featuredmedia":[{"embeddable":true,"href":"https:\/\/www.europesays.com\/fr\/wp-json\/wp\/v2\/media\/362690"}],"wp:attachment":[{"href":"https:\/\/www.europesays.com\/fr\/wp-json\/wp\/v2\/media?parent=362689"}],"wp:term":[{"taxonomy":"category","embeddable":true,"href":"https:\/\/www.europesays.com\/fr\/wp-json\/wp\/v2\/categories?post=362689"},{"taxonomy":"post_tag","embeddable":true,"href":"https:\/\/www.europesays.com\/fr\/wp-json\/wp\/v2\/tags?post=362689"}],"curies":[{"name":"wp","href":"https:\/\/api.w.org\/{rel}","templated":true}]}}