{"id":362691,"date":"2025-09-03T07:18:14","date_gmt":"2025-09-03T07:18:14","guid":{"rendered":"https:\/\/www.europesays.com\/fr\/362691\/"},"modified":"2025-09-03T07:18:14","modified_gmt":"2025-09-03T07:18:14","slug":"handball-feminin-apres-la-crise-de-nerfs-le-paris-92-veut-repartir-sur-des-bases-saines","status":"publish","type":"post","link":"https:\/\/www.europesays.com\/fr\/362691\/","title":{"rendered":"Handball f\u00e9minin\u00a0: apr\u00e8s la crise de nerfs, le Paris 92 veut repartir sur des bases saines"},"content":{"rendered":"<p class=\"paragraph text_align_left lp-f-body-02\">Retrouver des eaux plus calmes, loin des soubresauts de la fin de saison pass\u00e9e : voil\u00e0 l\u2019objectif des filles de <a href=\"https:\/\/www.leparisien.fr\/sports\/handball\/coupe-de-france-feminine-de-handball-en-finale-contre-metz-les-lionnes-veulent-montrer-quissy-cest-paris-17-05-2025-KU4B4OQKB5GHDLDK5WVRS4ZSWU.php\" target=\"_blank\" rel=\"noreferrer nofollow noopener\">Paris 92<\/a> qui entament ce 3 septembre contre le Stella Saint-Maur leur 25e saison de suite dans l<a href=\"https:\/\/www.leparisien.fr\/sports\/handball\/\" target=\"_blank\" rel=\"noreferrer nofollow noopener\">\u2019\u00c9lite du hand f\u00e9minin fran\u00e7ais.<\/a><\/p>\n<p class=\"paragraph text_align_left lp-f-body-02\">Finaliste du Championnat de France pour la derni\u00e8re fois il y a 10 ans avec la future championne olympique et meilleure joueuse du monde, la Norv\u00e9gienne Stine Oftedal, le club de la capitale est rentr\u00e9 dans le rang. Loin derri\u00e8re les deux mastodontes Metz et Brest avec lesquels il ne peut rivaliser, Paris 92 veut faire preuve d\u2019\u00ab humilit\u00e9 \u00bb. C\u2019est le ma\u00eetre mot de sa rentr\u00e9e.<\/p>\n<p class=\"paragraph text_align_left lp-f-body-02\">Dans un championnat \u00e0 l\u2019\u00e9conomie fragile, qui perd un club tout les ans pour cause de faillite, le Paris 92 sort d\u2019une crise majeure. En fin de saison derni\u00e8re, son ancien entra\u00eeneur, le champion du monde 2001 avec les Bleus,<a href=\"https:\/\/www.leparisien.fr\/sports\/handball\/handball-un-champion-du-monde-nomme-futur-coach-des-lionnes-de-paris-92-02-02-2024-566K7NMBJVFRHADS7L5LA6CT5M.php\" target=\"_blank\" rel=\"noreferrer nofollow noopener\"> St\u00e9phane Plantin<\/a>, est parti avec pertes et fracas, plus en accord ni avec ses dirigeants ni avec ses joueuses. <\/p>\n<p class=\"paragraph text_align_left lp-f-body-02\">\u00ab Il y a eu un d\u00e9saccord entre les dirigeants et les joueuses avec l\u2019entra\u00eeneur principal. On m\u2019a alors demand\u00e9 de prendre la succession. Ce fut une p\u00e9riode tr\u00e8s difficile avec une fin de saison tr\u00e8s compliqu\u00e9e \u00bb raconte celui qui est aujourd\u2019hui le nouveau coach, Naim Sarni. <\/p>\n<p class=\"paragraph text_align_left lp-f-body-02\">Il fut l\u2019adjoint de Plantin et avant cela pendant 5 ans celui du pr\u00e9c\u00e9dent coach, Yacine Messaoudi. Il a commenc\u00e9 son bail au printemps avec une petite g\u00e2terie quand m\u00eame, une finale de <a href=\"https:\/\/www.leparisien.fr\/sports\/handball\/handball-pas-dexploit-pour-le-paris-92-battu-en-finale-de-coupe-de-france-feminine-par-metz-17-05-2025-IKAIXS6KBVHABJWZS2TK4Z2OFI.php\" target=\"_blank\" rel=\"noreferrer nofollow noopener\">Coupe de France largement perdue <\/a>contre Metz (32-18). \u00ab On ne veut pas reproduire ce sch\u00e9ma aujourd\u2019hui, insiste Naim Sarni. Je tiens \u00e0 ce que l\u2019\u00e9quipe tourne d\u00e9sormais autour de deux valeurs qui me sont ch\u00e8res : travail et humilit\u00e9. Nous avons manqu\u00e9 de cette derni\u00e8re qualit\u00e9 l\u2019an dernier \u00bb. R\u00e9sultat, Paris 92 a termin\u00e9 la saison \u00e0 un peu enviable 8e place, un des pires classements de son histoire.<\/p>\n<p class=\"paragraph text_align_left lp-f-body-02\">\u00c0 court terme, ne parlez pas de place ambitieuse \u00e0 la nouvelle \u00e9quipe qui se met en place. Le club qui \u00e9volue \u00e0 Issy-les-Moulineaux mais affiche la capitale sur son blason n\u2019est pas le PSG hand. Avec un budget de 2,1 M\u20ac contre 8M\u20ac pour Brest, il n\u2019est pas en mesure de dominer le championnat. En \u00e9quipe de France, il n\u2019y plus de joueuse estampill\u00e9e \u00ab Paris 92 \u00bb depuis le d\u00e9part de M\u00e9line Nocandy \u00e0 Brest l\u2019an dernier. <\/p>\n<p class=\"paragraph text_align_left lp-f-body-02\">\u00ab Je me donne des objectifs au quotidien et c\u2019est d\u00e9j\u00e0 pas mal, reprend Naim Sarni. Pour ce qui concerne ma vision jusqu\u2019\u00e0 la fin de la saison c\u2019est encore trop t\u00f4t. L\u2019effectif a \u00e9t\u00e9 renouvel\u00e9 au tiers, le groupe s\u2019est \u00e9largi avec des filles qui nous offrent un nouveau regard et une nouvelle richesse \u00bb. <\/p>\n<p class=\"paragraph text_align_left lp-f-body-02\">Il faut que tout \u00e7a se mette en place dans un esprit apais\u00e9. \u00c2pr\u00e8s, Paris 92 pourra \u00e0 nouveau regarder vers le haut, vers une place en Coupe d\u2019Europe et peut-\u00eatre un jour \u00e0 nouveau rivaliser dans la course au titre. Mais pas tout de suite.<\/p>\n","protected":false},"excerpt":{"rendered":"Retrouver des eaux plus calmes, loin des soubresauts de la fin de saison pass\u00e9e : voil\u00e0 l\u2019objectif des&hellip;\n","protected":false},"author":2,"featured_media":362692,"comment_status":"","ping_status":"","sticky":false,"template":"","format":"standard","meta":{"footnotes":""},"categories":[1888],"tags":[11,1777,674,1011,27,1792,12,626,25,60],"class_list":{"0":"post-362691","1":"post","2":"type-post","3":"status-publish","4":"format-standard","5":"has-post-thumbnail","7":"category-paris","8":"tag-actualites","9":"tag-eu","10":"tag-europe","11":"tag-fr","12":"tag-france","13":"tag-handball","14":"tag-news","15":"tag-paris","16":"tag-republique-francaise","17":"tag-sports"},"share_on_mastodon":{"url":"https:\/\/pubeurope.com\/@fr\/115139150139166446","error":""},"_links":{"self":[{"href":"https:\/\/www.europesays.com\/fr\/wp-json\/wp\/v2\/posts\/362691","targetHints":{"allow":["GET"]}}],"collection":[{"href":"https:\/\/www.europesays.com\/fr\/wp-json\/wp\/v2\/posts"}],"about":[{"href":"https:\/\/www.europesays.com\/fr\/wp-json\/wp\/v2\/types\/post"}],"author":[{"embeddable":true,"href":"https:\/\/www.europesays.com\/fr\/wp-json\/wp\/v2\/users\/2"}],"replies":[{"embeddable":true,"href":"https:\/\/www.europesays.com\/fr\/wp-json\/wp\/v2\/comments?post=362691"}],"version-history":[{"count":0,"href":"https:\/\/www.europesays.com\/fr\/wp-json\/wp\/v2\/posts\/362691\/revisions"}],"wp:featuredmedia":[{"embeddable":true,"href":"https:\/\/www.europesays.com\/fr\/wp-json\/wp\/v2\/media\/362692"}],"wp:attachment":[{"href":"https:\/\/www.europesays.com\/fr\/wp-json\/wp\/v2\/media?parent=362691"}],"wp:term":[{"taxonomy":"category","embeddable":true,"href":"https:\/\/www.europesays.com\/fr\/wp-json\/wp\/v2\/categories?post=362691"},{"taxonomy":"post_tag","embeddable":true,"href":"https:\/\/www.europesays.com\/fr\/wp-json\/wp\/v2\/tags?post=362691"}],"curies":[{"name":"wp","href":"https:\/\/api.w.org\/{rel}","templated":true}]}}