{"id":362693,"date":"2025-09-03T07:19:11","date_gmt":"2025-09-03T07:19:11","guid":{"rendered":"https:\/\/www.europesays.com\/fr\/362693\/"},"modified":"2025-09-03T07:19:11","modified_gmt":"2025-09-03T07:19:11","slug":"la-russie-arrete-une-autre-personnalite-de-la-diaspora-azerbaidjanaise","status":"publish","type":"post","link":"https:\/\/www.europesays.com\/fr\/362693\/","title":{"rendered":"La Russie arr\u00eate une autre personnalit\u00e9 de la diaspora azerba\u00efdjanaise"},"content":{"rendered":"<p>Shahlar Novruzov, membre \u00e9minent de la communaut\u00e9 azerba\u00efdjanaise de Russie dans la r\u00e9gion du Kouban, est la derni\u00e8re personnalit\u00e9 azerba\u00efdjanaise \u00e0 avoir \u00e9t\u00e9 arr\u00eat\u00e9e en Russie dans un contexte de d\u00e9t\u00e9rioration des relations entre les deux pays.\u00a0Selon le m\u00e9dia russe <a href=\"http:\/\/ura.ru\/?ref=oc-media.org\" rel=\"nofollow noopener\" target=\"_blank\">Ura.ru<\/a>, M. Novruzov a \u00e9t\u00e9 plac\u00e9 en d\u00e9tention provisoire pour 26 jours lundi 1er septembre. \u00ab M. Novruzov, directeur du Caf\u00e9 Stary Baku et de Dar Frut, a \u00e9t\u00e9 arr\u00eat\u00e9 pour tentative de fraude immobili\u00e8re d\u2019une valeur de 919 millions de roubles (11 millions de dollars) \u00bb.<\/p>\n<p>Son avocat avait demand\u00e9 au tribunal d\u2019assouplir la mesure pr\u00e9ventive prise \u00e0 l\u2019encontre de son client.\u00a0\u00ab Le pr\u00e9venu est \u00e2g\u00e9 de 60 ans, r\u00e9side de mani\u00e8re permanente \u00e0 Krasnodar, n\u2019a jamais fait l\u2019objet de poursuites judiciaires, a aid\u00e9 les participants \u00e0 l\u2019op\u00e9ration militaire sp\u00e9ciale [l\u2019invasion \u00e0 grande \u00e9chelle de l\u2019Ukraine par la Russie] et a re\u00e7u la m\u00e9daille \u00ab Pour le courage civique \u00bb, a d\u00e9clar\u00e9 M. Abramov.\u00a0Cependant, le juge a rejet\u00e9 l\u2019appel d\u2019Abramov et a affirm\u00e9 que \u00ab Novruzov pourrait s\u2019enfuir \u00bb et \u00ab continuer \u00e0 se livrer \u00bb \u00e0 des activit\u00e9s criminelles.\u00a0Depuis juin, la Russie a engag\u00e9 plusieurs poursuites p\u00e9nales contre des membres de la diaspora azerba\u00efdjanaise.<\/p>\n<p>La mort de deux Azerba\u00efdjanais de souche, les fr\u00e8res Ziyaddin et Huseyn Safarov, \u00e0 la suite d\u2019un raid des forces de l\u2019ordre russes \u00e0 Ekaterinbourg, a conduit \u00e0 une escalade des tensions entre l\u2019Azerba\u00efdjan et la Russie.\u00a0Suite \u00e0 cela, Bakou a annul\u00e9 plusieurs \u00e9v\u00e9nements li\u00e9s \u00e0 la Russie et a perquisitionn\u00e9 les bureaux de Sputnik-Azerba\u00efdjan.<\/p>\n<p>\u00a0<\/p>\n","protected":false},"excerpt":{"rendered":"Shahlar Novruzov, membre \u00e9minent de la communaut\u00e9 azerba\u00efdjanaise de Russie dans la r\u00e9gion du Kouban, est la derni\u00e8re&hellip;\n","protected":false},"author":2,"featured_media":362694,"comment_status":"","ping_status":"","sticky":false,"template":"","format":"standard","meta":{"footnotes":""},"categories":[1591],"tags":[11,15149,1887,12,1885,1886,132],"class_list":{"0":"post-362693","1":"post","2":"type-post","3":"status-publish","4":"format-standard","5":"has-post-thumbnail","7":"category-russie","8":"tag-actualites","9":"tag-azerbaidjan","10":"tag-federation-de-russie","11":"tag-news","12":"tag-russia","13":"tag-russian-federation","14":"tag-russie"},"share_on_mastodon":{"url":"https:\/\/pubeurope.com\/@fr\/115139153998946753","error":""},"_links":{"self":[{"href":"https:\/\/www.europesays.com\/fr\/wp-json\/wp\/v2\/posts\/362693","targetHints":{"allow":["GET"]}}],"collection":[{"href":"https:\/\/www.europesays.com\/fr\/wp-json\/wp\/v2\/posts"}],"about":[{"href":"https:\/\/www.europesays.com\/fr\/wp-json\/wp\/v2\/types\/post"}],"author":[{"embeddable":true,"href":"https:\/\/www.europesays.com\/fr\/wp-json\/wp\/v2\/users\/2"}],"replies":[{"embeddable":true,"href":"https:\/\/www.europesays.com\/fr\/wp-json\/wp\/v2\/comments?post=362693"}],"version-history":[{"count":0,"href":"https:\/\/www.europesays.com\/fr\/wp-json\/wp\/v2\/posts\/362693\/revisions"}],"wp:featuredmedia":[{"embeddable":true,"href":"https:\/\/www.europesays.com\/fr\/wp-json\/wp\/v2\/media\/362694"}],"wp:attachment":[{"href":"https:\/\/www.europesays.com\/fr\/wp-json\/wp\/v2\/media?parent=362693"}],"wp:term":[{"taxonomy":"category","embeddable":true,"href":"https:\/\/www.europesays.com\/fr\/wp-json\/wp\/v2\/categories?post=362693"},{"taxonomy":"post_tag","embeddable":true,"href":"https:\/\/www.europesays.com\/fr\/wp-json\/wp\/v2\/tags?post=362693"}],"curies":[{"name":"wp","href":"https:\/\/api.w.org\/{rel}","templated":true}]}}