{"id":362695,"date":"2025-09-03T07:20:12","date_gmt":"2025-09-03T07:20:12","guid":{"rendered":"https:\/\/www.europesays.com\/fr\/362695\/"},"modified":"2025-09-03T07:20:12","modified_gmt":"2025-09-03T07:20:12","slug":"la-russie-a-lance-plus-de-500-drones-et-missiles-dans-louest-du-pays-indique-kiev","status":"publish","type":"post","link":"https:\/\/www.europesays.com\/fr\/362695\/","title":{"rendered":"la Russie a lanc\u00e9 plus de 500 drones et missiles dans l\u2019ouest du pays, indique Kiev"},"content":{"rendered":"<p>De nombreuses infrastructures, notamment des habitations ont \u00e9t\u00e9 d\u00e9truites. Le bilan humain de cette attaque reste encore inconnu.<\/p>\n<p class=\"fig-paragraph\">La\u00a0<a href=\"http:\/\/www.lefigaro.fr\/international\/guerre-en-ukraine-vladimir-poutine-remercie-kim-jong-un-pour-l-aide-des-soldats-nord-coreens-a-la-russie-20250903\" data-fig-type=\"NewsFlash\" data-gtm-custom-categorie=\"navigation\" data-gtm-custom-action=\"crossclick\" data-gtm-custom-label=\"Contextuel\" data-gtm-event=\"customEventSPE\" data-fig-domain=\"LEFIGARO\" rel=\"nofollow noopener\" target=\"_blank\">Russie<\/a>\u00a0a lanc\u00e9 dans la nuit une vaste attaque avec plus de 500 drones et missiles principalement sur l&rsquo;ouest de\u00a0<a href=\"http:\/\/www.lefigaro.fr\/international\/ukraine-prete-a-donner-des-garanties-de-securite-l-europe-suspendue-a-l-engagement-americain-20250902\" data-fig-type=\"Article\" data-gtm-custom-categorie=\"navigation\" data-gtm-custom-action=\"crossclick\" data-gtm-custom-label=\"Contextuel\" data-gtm-event=\"customEventSPE\" data-fig-domain=\"LEFIGARO\" rel=\"nofollow noopener\" target=\"_blank\">l&rsquo;Ukraine<\/a>, a annonc\u00e9 mercredi Kiev.<\/p>\n<p class=\"fig-paragraph\">L&rsquo;arm\u00e9e de l&rsquo;air ukrainienne a indiqu\u00e9 que Moscou avait lanc\u00e9 502 drones et 24 missiles, tandis que les autorit\u00e9s r\u00e9gionales de l&rsquo;ouest de l&rsquo;Ukraine ont fait \u00e9tat de plusieurs bless\u00e9s et des d\u00e9g\u00e2ts inflig\u00e9s \u00e0 des infrastructures civiles ou des habitations.<\/p>\n<p>                                    <a class=\"fig-a11y-skip a11y-hidden\" href=\"#fig-a11y-skip-main-inarticle\"><br \/>\n        Passer la publicit\u00e9<br \/>\n    <\/a><\/p>\n<p class=\"fig-paragraph\">Plus d\u2019informations \u00e0 venir&#8230;<\/p>\n","protected":false},"excerpt":{"rendered":"De nombreuses infrastructures, notamment des habitations ont \u00e9t\u00e9 d\u00e9truites. Le bilan humain de cette attaque reste encore inconnu.&hellip;\n","protected":false},"author":2,"featured_media":362696,"comment_status":"","ping_status":"","sticky":false,"template":"","format":"standard","meta":{"footnotes":""},"categories":[1590],"tags":[11,564,1777,674,131,8908,12,132,220],"class_list":{"0":"post-362695","1":"post","2":"type-post","3":"status-publish","4":"format-standard","5":"has-post-thumbnail","7":"category-ukraine","8":"tag-actualites","9":"tag-drone","10":"tag-eu","11":"tag-europe","12":"tag-guerre-en-ukraine","13":"tag-missiles","14":"tag-news","15":"tag-russie","16":"tag-ukraine"},"share_on_mastodon":{"url":"https:\/\/pubeurope.com\/@fr\/115139158293709555","error":""},"_links":{"self":[{"href":"https:\/\/www.europesays.com\/fr\/wp-json\/wp\/v2\/posts\/362695","targetHints":{"allow":["GET"]}}],"collection":[{"href":"https:\/\/www.europesays.com\/fr\/wp-json\/wp\/v2\/posts"}],"about":[{"href":"https:\/\/www.europesays.com\/fr\/wp-json\/wp\/v2\/types\/post"}],"author":[{"embeddable":true,"href":"https:\/\/www.europesays.com\/fr\/wp-json\/wp\/v2\/users\/2"}],"replies":[{"embeddable":true,"href":"https:\/\/www.europesays.com\/fr\/wp-json\/wp\/v2\/comments?post=362695"}],"version-history":[{"count":0,"href":"https:\/\/www.europesays.com\/fr\/wp-json\/wp\/v2\/posts\/362695\/revisions"}],"wp:featuredmedia":[{"embeddable":true,"href":"https:\/\/www.europesays.com\/fr\/wp-json\/wp\/v2\/media\/362696"}],"wp:attachment":[{"href":"https:\/\/www.europesays.com\/fr\/wp-json\/wp\/v2\/media?parent=362695"}],"wp:term":[{"taxonomy":"category","embeddable":true,"href":"https:\/\/www.europesays.com\/fr\/wp-json\/wp\/v2\/categories?post=362695"},{"taxonomy":"post_tag","embeddable":true,"href":"https:\/\/www.europesays.com\/fr\/wp-json\/wp\/v2\/tags?post=362695"}],"curies":[{"name":"wp","href":"https:\/\/api.w.org\/{rel}","templated":true}]}}