{"id":362699,"date":"2025-09-03T07:22:11","date_gmt":"2025-09-03T07:22:11","guid":{"rendered":"https:\/\/www.europesays.com\/fr\/362699\/"},"modified":"2025-09-03T07:22:11","modified_gmt":"2025-09-03T07:22:11","slug":"mg-au-royaume-uni-manque-les-previsions-de-benefices-semestriels-malgre-des-entrees-nettes-de-35-milliards-de-dollars","status":"publish","type":"post","link":"https:\/\/www.europesays.com\/fr\/362699\/","title":{"rendered":"M&#038;G au Royaume-Uni manque les pr\u00e9visions de b\u00e9n\u00e9fices semestriels malgr\u00e9 des entr\u00e9es nettes de 3,5 milliards de dollars"},"content":{"rendered":"<p>Le groupe britannique d&rsquo;assurance et de gestion d&rsquo;actifs M&amp;G a d\u00e9\u00e7u les attentes du march\u00e9 concernant son b\u00e9n\u00e9fice op\u00e9rationnel ajust\u00e9 au premier semestre, mais a n\u00e9anmoins enregistr\u00e9 des entr\u00e9es nettes de 2,6 milliards de livres sterling (3,51 milliards de dollars), inversant ainsi la tendance aux sorties de fonds observ\u00e9e l&rsquo;an dernier.<\/p>\n<p>L&rsquo;entreprise britannique a tir\u00e9 profit de sa strat\u00e9gie de redressement, qui a consist\u00e9 \u00e0 fusionner ses divisions assurance-vie et gestion de patrimoine, tout en r\u00e9alisant plus de 200 millions de livres sterling d&rsquo;\u00e9conomies.<\/p>\n<p>Le secteur britannique de la gestion d&rsquo;actifs a connu ces derniers mois un net recul, les investisseurs retirant leurs capitaux et r\u00e9ajustant leurs portefeuilles, inquiets des politiques commerciales du pr\u00e9sident am\u00e9ricain Donald Trump.<\/p>\n<p>Sur les six mois achev\u00e9s au 30 juin, M&amp;G a affich\u00e9 un b\u00e9n\u00e9fice op\u00e9rationnel ajust\u00e9 avant imp\u00f4ts de 378 millions de livres, contre 375 millions un an plus t\u00f4t.<\/p>\n<p>Ce r\u00e9sultat reste toutefois inf\u00e9rieur au consensus des analystes, qui tablaient sur 398 millions de livres selon un sondage r\u00e9alis\u00e9 par la soci\u00e9t\u00e9.<\/p>\n<p>($1 = 0,7402 livre sterling)<\/p>\n","protected":false},"excerpt":{"rendered":"Le groupe britannique d&rsquo;assurance et de gestion d&rsquo;actifs M&amp;G a d\u00e9\u00e7u les attentes du march\u00e9 concernant son b\u00e9n\u00e9fice&hellip;\n","protected":false},"author":2,"featured_media":362700,"comment_status":"","ping_status":"","sticky":false,"template":"","format":"standard","meta":{"footnotes":""},"categories":[1588],"tags":[11,340,1777,674,12,473,1853,1851,1850,1852],"class_list":{"0":"post-362699","1":"post","2":"type-post","3":"status-publish","4":"format-standard","5":"has-post-thumbnail","7":"category-royaume-uni","8":"tag-actualites","9":"tag-bourse","10":"tag-eu","11":"tag-europe","12":"tag-news","13":"tag-royaume-uni","14":"tag-royaume-uni-de-grande-bretagne-et-dirlande-du-nord","15":"tag-uk","16":"tag-united-kingdom","17":"tag-united-kingdom-of-great-britain-and-northern-ireland"},"share_on_mastodon":{"url":"https:\/\/pubeurope.com\/@fr\/115139165771707656","error":""},"_links":{"self":[{"href":"https:\/\/www.europesays.com\/fr\/wp-json\/wp\/v2\/posts\/362699","targetHints":{"allow":["GET"]}}],"collection":[{"href":"https:\/\/www.europesays.com\/fr\/wp-json\/wp\/v2\/posts"}],"about":[{"href":"https:\/\/www.europesays.com\/fr\/wp-json\/wp\/v2\/types\/post"}],"author":[{"embeddable":true,"href":"https:\/\/www.europesays.com\/fr\/wp-json\/wp\/v2\/users\/2"}],"replies":[{"embeddable":true,"href":"https:\/\/www.europesays.com\/fr\/wp-json\/wp\/v2\/comments?post=362699"}],"version-history":[{"count":0,"href":"https:\/\/www.europesays.com\/fr\/wp-json\/wp\/v2\/posts\/362699\/revisions"}],"wp:featuredmedia":[{"embeddable":true,"href":"https:\/\/www.europesays.com\/fr\/wp-json\/wp\/v2\/media\/362700"}],"wp:attachment":[{"href":"https:\/\/www.europesays.com\/fr\/wp-json\/wp\/v2\/media?parent=362699"}],"wp:term":[{"taxonomy":"category","embeddable":true,"href":"https:\/\/www.europesays.com\/fr\/wp-json\/wp\/v2\/categories?post=362699"},{"taxonomy":"post_tag","embeddable":true,"href":"https:\/\/www.europesays.com\/fr\/wp-json\/wp\/v2\/tags?post=362699"}],"curies":[{"name":"wp","href":"https:\/\/api.w.org\/{rel}","templated":true}]}}