{"id":362701,"date":"2025-09-03T07:23:10","date_gmt":"2025-09-03T07:23:10","guid":{"rendered":"https:\/\/www.europesays.com\/fr\/362701\/"},"modified":"2025-09-03T07:23:10","modified_gmt":"2025-09-03T07:23:10","slug":"linde-compte-sur-le-soutien-de-lallemagne-pour-accelerer-les-negociations-commerciales-avec-lue","status":"publish","type":"post","link":"https:\/\/www.europesays.com\/fr\/362701\/","title":{"rendered":"L&rsquo;Inde compte sur le soutien de l&rsquo;Allemagne pour acc\u00e9l\u00e9rer les n\u00e9gociations commerciales avec l&rsquo;UE"},"content":{"rendered":"<p>Le ministre indien des Affaires \u00e9trang\u00e8res, Subrahmanyam Jaishankar, a d\u00e9clar\u00e9 mercredi \u00e0 son homologue allemand, Johann Wadephul, que New Delhi comptait sur le soutien de l&rsquo;Allemagne pour approfondir sa relation avec l&rsquo;Union europ\u00e9enne et acc\u00e9l\u00e9rer les discussions autour d&rsquo;un accord de libre-\u00e9change.<\/p>\n<p>\nJohann Wadephul effectue actuellement une visite de deux jours en Inde et s&rsquo;est rendu \u00e0 Bengaluru mardi.<\/p>\n","protected":false},"excerpt":{"rendered":"Le ministre indien des Affaires \u00e9trang\u00e8res, Subrahmanyam Jaishankar, a d\u00e9clar\u00e9 mercredi \u00e0 son homologue allemand, Johann Wadephul, que&hellip;\n","protected":false},"author":2,"featured_media":362702,"comment_status":"","ping_status":"","sticky":false,"template":"","format":"standard","meta":{"footnotes":""},"categories":[1587],"tags":[11,672,340,1804,1805,1803,1777,674,1801,12,1802],"class_list":{"0":"post-362701","1":"post","2":"type-post","3":"status-publish","4":"format-standard","5":"has-post-thumbnail","7":"category-allemagne","8":"tag-actualites","9":"tag-allemagne","10":"tag-bourse","11":"tag-bundesrepublik-deutschland","12":"tag-de","13":"tag-deutschland","14":"tag-eu","15":"tag-europe","16":"tag-germany","17":"tag-news","18":"tag-republique-federale-dallemagne"},"share_on_mastodon":{"url":"https:\/\/pubeurope.com\/@fr\/115139169764667319","error":""},"_links":{"self":[{"href":"https:\/\/www.europesays.com\/fr\/wp-json\/wp\/v2\/posts\/362701","targetHints":{"allow":["GET"]}}],"collection":[{"href":"https:\/\/www.europesays.com\/fr\/wp-json\/wp\/v2\/posts"}],"about":[{"href":"https:\/\/www.europesays.com\/fr\/wp-json\/wp\/v2\/types\/post"}],"author":[{"embeddable":true,"href":"https:\/\/www.europesays.com\/fr\/wp-json\/wp\/v2\/users\/2"}],"replies":[{"embeddable":true,"href":"https:\/\/www.europesays.com\/fr\/wp-json\/wp\/v2\/comments?post=362701"}],"version-history":[{"count":0,"href":"https:\/\/www.europesays.com\/fr\/wp-json\/wp\/v2\/posts\/362701\/revisions"}],"wp:featuredmedia":[{"embeddable":true,"href":"https:\/\/www.europesays.com\/fr\/wp-json\/wp\/v2\/media\/362702"}],"wp:attachment":[{"href":"https:\/\/www.europesays.com\/fr\/wp-json\/wp\/v2\/media?parent=362701"}],"wp:term":[{"taxonomy":"category","embeddable":true,"href":"https:\/\/www.europesays.com\/fr\/wp-json\/wp\/v2\/categories?post=362701"},{"taxonomy":"post_tag","embeddable":true,"href":"https:\/\/www.europesays.com\/fr\/wp-json\/wp\/v2\/tags?post=362701"}],"curies":[{"name":"wp","href":"https:\/\/api.w.org\/{rel}","templated":true}]}}