{"id":362705,"date":"2025-09-03T07:25:10","date_gmt":"2025-09-03T07:25:10","guid":{"rendered":"https:\/\/www.europesays.com\/fr\/362705\/"},"modified":"2025-09-03T07:25:10","modified_gmt":"2025-09-03T07:25:10","slug":"lue-sapprete-a-approuver-ce-mercredi-laccord-controverse-du-mercosur","status":"publish","type":"post","link":"https:\/\/www.europesays.com\/fr\/362705\/","title":{"rendered":"L&rsquo;UE s\u2019appr\u00eate \u00e0 approuver ce mercredi l\u2019accord controvers\u00e9 du Mercosur"},"content":{"rendered":"<p>L\u2019adoption par les commissaires europ\u00e9ens est la premi\u00e8re \u00e9tape avant de soumettre ce trait\u00e9 de libre-\u00e9change aux \u00c9tats membres et aux eurod\u00e9put\u00e9s dans les mois qui viennent.<\/p>\n<p class=\"fig-paragraph\">La France donnera-t-elle son feu vert \u00e0 cet accord si controvers\u00e9\u00a0? La Commission europ\u00e9enne s&rsquo;appr\u00eate \u00e0 approuver mercredi\u00a0<a href=\"http:\/\/www.lefigaro.fr\/flash-eco\/commerce-le-texte-de-l-accord-ue-mercosur-attendu-dans-les-prochains-jours-20250630\" data-fig-type=\"NewsFlash\" data-gtm-custom-categorie=\"navigation\" data-gtm-custom-action=\"crossclick\" data-gtm-custom-label=\"Contextuel\" data-gtm-event=\"customEventSPE\" data-fig-domain=\"LEFIGARO\" target=\"_blank\" rel=\"noopener\">l&rsquo;accord commercial avec les pays latino-am\u00e9ricains du Mercosur<\/a>, avec un geste pour tenter de convaincre Paris et rassurer les agriculteurs. L&rsquo;adoption par les commissaires europ\u00e9ens est la premi\u00e8re \u00e9tape avant de soumettre ce trait\u00e9 de libre-\u00e9change aux \u00c9tats membres et aux eurod\u00e9put\u00e9s dans les mois qui viennent. L&rsquo;ex\u00e9cutif europ\u00e9en remet ce dossier sensible sur la table au moment o\u00f9 la France est de nouveau plong\u00e9e dans une temp\u00eate politique. Le gouvernement pourrait tomber lundi lors d&rsquo;un vote de confiance tr\u00e8s mal engag\u00e9 pour le premier ministre\u00a0<a href=\"http:\/\/www.lefigaro.fr\/vox\/economie\/jean-pierre-robin-fache-avec-les-chiffres-francois-bayrou-echoue-a-faire-comprendre-aux-francais-la-gravite-de-la-dette-publique-20250901\" data-fig-type=\"Article\" data-gtm-custom-categorie=\"navigation\" data-gtm-custom-action=\"crossclick\" data-gtm-custom-label=\"Contextuel\" data-gtm-event=\"customEventSPE\" data-fig-domain=\"LEFIGARO\" target=\"_blank\" rel=\"noopener\">Fran\u00e7ois Bayrou<\/a>.<\/p>\n<p class=\"fig-paragraph\">Selon une source europ\u00e9enne, Bruxelles veut aller vite et esp\u00e8re un accord des Vingt-Sept avant la fin 2025, tant que le Br\u00e9silien Lula occupe la pr\u00e9sidence tournante du Mercosur. Cet accord doit notamment permettre \u00e0 l&rsquo;Union europ\u00e9enne d&rsquo;exporter davantage de voitures, de machines et de spiritueux en Argentine, au Br\u00e9sil, en Uruguay et au Paraguay. En retour, il faciliterait l&rsquo;entr\u00e9e de viande, sucre, riz, miel ou soja sud-am\u00e9ricains, au risque de fragiliser certaines fili\u00e8res agricoles europ\u00e9ennes.<\/p>\n<p>                                    <a class=\"fig-a11y-skip a11y-hidden\" href=\"#fig-a11y-skip-main-inarticle\"><br \/>\n        Passer la publicit\u00e9<br \/>\n    <\/a><\/p>\n<p class=\"fig-paragraph\">Pour la pr\u00e9sidente de la Commission,\u00a0<a href=\"http:\/\/www.lefigaro.fr\/international\/poutine-cible-de-plus-en-plus-directement-l-union-europeenne-20250901\" data-fig-type=\"Article\" data-gtm-custom-categorie=\"navigation\" data-gtm-custom-action=\"crossclick\" data-gtm-custom-label=\"Contextuel\" data-gtm-event=\"customEventSPE\" data-fig-domain=\"LEFIGARO\" target=\"_blank\" rel=\"noopener\">Ursula von\u00a0der\u00a0Leyen<\/a>, \u00abc&rsquo;est un accord gagnant-gagnant avec des avantages significatifs pour les consommateurs et les entreprises\u00bb des deux continents. Mais depuis la conclusion des n\u00e9gociations en d\u00e9cembre dernier, les syndicats des agriculteurs europ\u00e9ens sont vent debout. \u00abLe combat se poursuit\u00bb, a pr\u00e9venu lundi le premier syndicat agricole fran\u00e7ais, la FNSEA, en s\u2019en remettant au chef de l&rsquo;\u00c9tat Emmanuel Macron. La France, qui a men\u00e9 la fronde au sein des Vingt-Sept, voyait jusqu&rsquo;ici le projet d&rsquo;accord comme une menace pour des fili\u00e8res comme le b\u0153uf, la volaille, le sucre et l&rsquo;\u00e9thanol et r\u00e9clamait des mesures de sauvegarde suppl\u00e9mentaires.<\/p>\n<p class=\"fig-body-link\">\n            \u00c0 lire aussi<br \/>\n        <a class=\"fig-body-link__link fig-premium-mark\" href=\"http:\/\/www.lefigaro.fr\/vox\/economie\/mercosur-la-chine-est-devenue-l-usine-de-l-europe-l-amerique-du-sud-ne-peut-pas-devenir-sa-ferme-20250702\" data-fig-type=\"Article\" data-gtm-custom-categorie=\"navigation\" data-gtm-custom-action=\"crossclick\" data-gtm-custom-label=\"Contextuel\" data-gtm-event=\"customEventSPE\" data-fig-domain=\"LEFIGARO\" target=\"_blank\" rel=\"noopener\">Mercosur\u00a0: \u00abLa Chine est devenue l\u2019usine de l\u2019Europe, l\u2019Am\u00e9rique du Sud ne peut pas devenir sa ferme\u00bb<br \/>\n    <\/a>\n<\/p>\n<p>Un accord qui serait v\u00e9cu comme une \u00abtrahison\u00bb<\/p>\n<p class=\"fig-paragraph\">Pour rassurer le gouvernement fran\u00e7ais, la Commission pourrait annoncer mercredi un geste, fruit de plusieurs semaines de n\u00e9gociations\u00a0: des clauses de sauvegarde renforc\u00e9es pour les \u00abproduits agricoles sensibles\u00bb. L&rsquo;ex\u00e9cutif europ\u00e9en s&rsquo;engagerait \u00e0 intervenir en cas d&rsquo;impacts n\u00e9gatifs de l&rsquo;accord sur certaines fili\u00e8res, selon une source europ\u00e9enne. Juridiquement, cet ajout ne n\u00e9cessite pas de ren\u00e9gociation avec les pays du Mercosur, mais les Europ\u00e9ens devront tout de m\u00eame expliquer \u00e0 leurs partenaires latino-am\u00e9ricains pourquoi ils ont proc\u00e9d\u00e9 ainsi.<\/p>\n<p class=\"fig-paragraph\">Cette modification suffira-t-elle \u00e0 la France\u00a0? Sollicit\u00e9s, le gouvernement et l&rsquo;\u00c9lys\u00e9e n&rsquo;ont pas souhait\u00e9 r\u00e9agir \u00e0 ce stade. Mais \u00abla France estime, sous r\u00e9serve d&rsquo;une analyse approfondie\u00bb que cela \u00abva dans le bon sens\u00bb, assure une source diplomatique. \u00abIl faudra bien s\u00fbr s&rsquo;assurer de l&rsquo;efficacit\u00e9 de ce dispositif\u00bb de sauvegarde, ajoute-t-elle. Dans l&rsquo;opposition, le RN d\u00e9nonce d\u00e9j\u00e0 une \u00abtrahison\u00bb d&rsquo;Emmanuel Macron si la France change de pied tandis que LFI appelle \u00e0 la \u00abmobilisation g\u00e9n\u00e9rale\u00bb contre ce \u00abpassage en force\u00bb.<\/p>\n<p>\u00abAbsence de transparence et de garanties claires\u00bb<\/p>\n<p class=\"fig-paragraph\">Au Parlement europ\u00e9en, le centriste Pascal Canfin promet de son c\u00f4t\u00e9 une initiative transpartisane pour tenter de \u00absuspendre l&rsquo;adoption\u00bb de l&rsquo;accord, \u00aben l&rsquo;absence de transparence et de garanties claires\u00bb. Mais l&rsquo;accord avec le Mercosur compte aussi de nombreux partisans en Europe, \u00e0 commencer par l&rsquo;Allemagne qui veut offrir de nouveaux d\u00e9bouch\u00e9s \u00e0 ses entreprises industrielles. Plus encore depuis le retour de Donald Trump \u00e0 la Maison-Blanche et la mise en place de taxes douani\u00e8res sur les produits europ\u00e9ens qui entrent aux \u00c9tats-Unis.<\/p>\n<p class=\"fig-paragraph\">L&rsquo;Union europ\u00e9enne a besoin \u00abtr\u00e8s rapidement\u00bb de nouveaux partenaires commerciaux, ne cesse de r\u00e9p\u00e9ter le chancelier allemand Friedrich Merz. Selon Bruxelles, l&rsquo;accord avec le Mercosur permettrait aux exportateurs europ\u00e9ens d&rsquo;\u00e9conomiser plus de 4 milliards d&rsquo;euros de droits de douane par an en Am\u00e9rique latine. Si la France maintient son opposition \u00e0 l&rsquo;accord, elle ne pourrait le faire capoter \u00e0 elle seule. Il lui faudrait r\u00e9unir une \u00abminorit\u00e9 de blocage\u00bb, soit au moins quatre \u00c9tats repr\u00e9sentant plus de 35% de la population de l&rsquo;Union europ\u00e9enne.<\/p>\n","protected":false},"excerpt":{"rendered":"L\u2019adoption par les commissaires europ\u00e9ens est la premi\u00e8re \u00e9tape avant de soumettre ce trait\u00e9 de libre-\u00e9change aux \u00c9tats&hellip;\n","protected":false},"author":2,"featured_media":362706,"comment_status":"","ping_status":"","sticky":false,"template":"","format":"standard","meta":{"footnotes":""},"categories":[1586],"tags":[11,2196,1777,674,1779,1011,27,21426,12,25,1778,364],"class_list":{"0":"post-362705","1":"post","2":"type-post","3":"status-publish","4":"format-standard","5":"has-post-thumbnail","7":"category-europe","8":"tag-actualites","9":"tag-commission-europeenne","10":"tag-eu","11":"tag-europe","12":"tag-european-union","13":"tag-fr","14":"tag-france","15":"tag-mercosur","16":"tag-news","17":"tag-republique-francaise","18":"tag-ue","19":"tag-union-europeenne"},"share_on_mastodon":{"url":"https:\/\/pubeurope.com\/@fr\/115139177663285103","error":""},"_links":{"self":[{"href":"https:\/\/www.europesays.com\/fr\/wp-json\/wp\/v2\/posts\/362705","targetHints":{"allow":["GET"]}}],"collection":[{"href":"https:\/\/www.europesays.com\/fr\/wp-json\/wp\/v2\/posts"}],"about":[{"href":"https:\/\/www.europesays.com\/fr\/wp-json\/wp\/v2\/types\/post"}],"author":[{"embeddable":true,"href":"https:\/\/www.europesays.com\/fr\/wp-json\/wp\/v2\/users\/2"}],"replies":[{"embeddable":true,"href":"https:\/\/www.europesays.com\/fr\/wp-json\/wp\/v2\/comments?post=362705"}],"version-history":[{"count":0,"href":"https:\/\/www.europesays.com\/fr\/wp-json\/wp\/v2\/posts\/362705\/revisions"}],"wp:featuredmedia":[{"embeddable":true,"href":"https:\/\/www.europesays.com\/fr\/wp-json\/wp\/v2\/media\/362706"}],"wp:attachment":[{"href":"https:\/\/www.europesays.com\/fr\/wp-json\/wp\/v2\/media?parent=362705"}],"wp:term":[{"taxonomy":"category","embeddable":true,"href":"https:\/\/www.europesays.com\/fr\/wp-json\/wp\/v2\/categories?post=362705"},{"taxonomy":"post_tag","embeddable":true,"href":"https:\/\/www.europesays.com\/fr\/wp-json\/wp\/v2\/tags?post=362705"}],"curies":[{"name":"wp","href":"https:\/\/api.w.org\/{rel}","templated":true}]}}