{"id":362711,"date":"2025-09-03T07:28:15","date_gmt":"2025-09-03T07:28:15","guid":{"rendered":"https:\/\/www.europesays.com\/fr\/362711\/"},"modified":"2025-09-03T07:28:15","modified_gmt":"2025-09-03T07:28:15","slug":"sonia-rolland-et-nicolas-bridet-menent-lenquete","status":"publish","type":"post","link":"https:\/\/www.europesays.com\/fr\/362711\/","title":{"rendered":"Sonia Rolland et Nicolas Bridet m\u00e8nent l\u2019enqu\u00eate"},"content":{"rendered":"<p>Dans une \u00e9glise de Douai, on retrouve le corps d\u2019un homme dans le confessionnal. La mise en sc\u00e8ne du meurtre n\u2019est pas sans rappeler le grand proc\u00e8s de l\u2019Inquisition de la r\u00e9gion. Pour mener l\u2019enqu\u00eate, la commandante Clara Baudran (Sonia Rolland), de retour dans le Nord, est contrainte de collaborer avec son ancien amour de jeunesse (Nicolas Bridet). \u00ab\u00a0Meurtres \u00e0 Douai\u00a0\u00bb est \u00e0 d\u00e9couvrir ce samedi 6 septembre \u00e0 21.10 sur France\u00a03.<\/p>\n<p>\u00c0 Douai, la commandante de police Clara Baudran (Sonia Rolland), fra\u00eechement d\u00e9barqu\u00e9e de La R\u00e9union avec sa fille adolescente Jos\u00e9phine (Hana\u00e9 Rollier-Bertetti), n\u2019a m\u00eame pas eu le temps de rencontrer sa nouvelle \u00e9quipe qu\u2019elle se voit d\u00e9j\u00e0 confier sa premi\u00e8re enqu\u00eate pour homicide.<\/p>\n<p>Direction une \u00e9glise de Douai, o\u00f9 un pr\u00eatre vient de retrouver le corps inanim\u00e9 d\u2019un homme dans le confessionnal\u2026 Et Clara n\u2019est pas au bout de ses surprises. Elle devra en effet faire \u00e9quipe avec le lieutenant J\u00e9r\u00f4me Santerre (Nicolas Bridet), son grand amour de jeunesse. Son ex l\u2019avait quitt\u00e9e pour devenir pr\u00eatre, et voil\u00e0 qu\u2019elle le retrouve, vingt ans plus tard, flic\u2026 et papa d\u2019un adolescent. De quoi s\u00e9rieusement secouer la jeune femme qui devra, malgr\u00e9 elle, collaborer avec lui sur cette \u00e9trange affaire.\u00a0<br \/>La victime porte un capirote, une sorte de capuche que portaient les p\u00e9nitents au Moyen \u00c2ge. Autre d\u00e9tail\u00a0: la coiffe est affubl\u00e9e d\u2019un signe sataniste. On retrouve \u00e9galement dans la poche du d\u00e9funt une liste de pr\u00e9noms\u00a0: Nicolas, St\u00e9phane, Marc. Les noms des meurtriers\u00a0? Ou plut\u00f4t, comme le pense J\u00e9r\u00f4me, la liste des futures victimes\u00a0?\u00a0<\/p>\n<p><img decoding=\"async\" alt=\"Sonia Rolland\" src=\"https:\/\/www.europesays.com\/fr\/wp-content\/uploads\/2025\/09\/MEURTRESADOUAI-15.jpg\"\/><\/p>\n<p>Sonia Rolland.<\/p>\n<p>\u00a9 Sarah Alcalay \/ France T\u00e9l\u00e9visions \/ Box Fish Productions<\/p>\n<p>Apr\u00e8s Dunkerque en 2017\u00a0et Lille en 2019, la collection \u00e0 succ\u00e8s \u00ab\u00a0Meurtres \u00e0\u00a0\u00bb poursuit son tour de France en faisant une nouvelle escale dans le Nord. Dans cet opus in\u00e9dit, c\u2019est donc au tour de la ville Douai, la cit\u00e9 de Gayant, d\u2019\u00eatre mise en lumi\u00e8re. Et, cette fois, la mise en sc\u00e8ne du crime nous plonge au c\u0153ur du XVe\u00a0si\u00e8cle. Du temps de l\u2019Inquisition, o\u00f9 sa premi\u00e8re victime, Denisette Grenier, avait \u00e9t\u00e9 br\u00fbl\u00e9e \u00e0 Douai. Sous la torture, elle avait d\u00e9nonc\u00e9 Jean Tannoye comme \u00e9tant le chef des h\u00e9r\u00e9tiques de la r\u00e9gion. Mais l\u2019homme, refusant de parler, s\u2019\u00e9tait coup\u00e9 la langue. Les inquisiteurs l\u2019avaient alors contraint d\u2019\u00e9crire une liste de noms des soi-disant h\u00e9r\u00e9tiques\u2026 Une course contre la montre s\u2019engage pour Clara et J\u00e9r\u00f4me. Il faut vite retrouver le meurtrier avant qu\u2019il ne s\u00e9visse \u00e0 nouveau.<\/p>\n<p>Dans cette nouvelle enqu\u00eate, le pass\u00e9 trouvera, une fois encore, un \u00e9cho dans le pr\u00e9sent. \u00c0 l\u2019image des vies personnelle et professionnelle des enqu\u00eateurs qui ne manqueront pas de s\u2019entrem\u00ealer. D\u2019autant que les enfants respectifs de Clara et J\u00e9r\u00f4me effectuent leur stage d\u2019observation de troisi\u00e8me dans le commissariat\u00a0! De quoi pimenter encore un peu plus le quotidien de nos deux h\u00e9ros\u2026\u00a0<\/p>\n<\/p>\n<p>[bande-annonce] \u00ab Meurtres \u00e0 Douai \u00bb.<\/p>\n<p>Meurtres \u00e0 Douai<\/p>\n<p>Dans une \u00e9glise \u00e0 Douai, un corps est retrouv\u00e9 dans une mise en sc\u00e8ne qui rappelle le grand proc\u00e8s de l\u2019Inquisition de la r\u00e9gion au XVe\u00a0si\u00e8cle. La commandante Clara Baudran est alors contrainte de faire \u00e9quipe avec le lieutenant J\u00e9r\u00f4me Santerre, son amour de jeunesse. Elle le croyait devenu pr\u00eatre, elle le retrouve vingt ans plus tard, flic et p\u00e8re d\u2019un ado. Pass\u00e9 le choc, elle n\u2019aura d\u2019autre choix que de s\u2019en remettre \u00e0 lui pour l\u2019aider \u00e0 \u00e9lucider ce myst\u00e9rieux meurtre\u2026 alors m\u00eame que les enqu\u00eateurs font face \u00e0 une nouvelle victime.<\/p>\n<p>Fiction (90 min)\u00a0\u2013 Sc\u00e9nario <strong>C\u00e9line Decoox <\/strong>et <strong>Adeline Laffitte<\/strong>\u00a0\u2013 R\u00e9alisation <strong>Pascale Guerre<\/strong>\u00a0\u2013 Production <strong>Box Fish Production<\/strong><\/p>\n<p>Avec <strong>Sonia Rolland<\/strong> (Clara Baudran), <strong>Nicolas Bridet<\/strong> (Jer\u00f4me Santerre), <strong>Ariele Semenoff<\/strong> (Eliane Baudran), <strong>Aziz Aboudrar<\/strong> (Sofiane Halimi), <strong>Gavril Dartevelle<\/strong> (Marceau Santerre), <strong>Hana\u00e9 Rollier-Bertetti<\/strong> (Jos\u00e9phine Baudran), <strong>Alice Favreul<\/strong> (Aliz\u00e9e), <strong>Amandine Chauveau<\/strong> (Soizick Vasseur), <strong>Sabine Rosoli<\/strong> (Pauline Vermulen)<\/p>\n<p>Diffusion le samedi 6 septembre \u00e0 21.10 sur France\u00a03 et sur france.tv\u00a0<br \/><a href=\"https:\/\/www.france.tv\/france-3\/meurtres-a\/\" tabindex=\"-1\" target=\"_blank\" rel=\"nofollow noopener\">\u00c0 voir et \u00e0 revoir sur france.tv<\/a><\/p>\n","protected":false},"excerpt":{"rendered":"Dans une \u00e9glise de Douai, on retrouve le corps d\u2019un homme dans le confessionnal. La mise en sc\u00e8ne&hellip;\n","protected":false},"author":2,"featured_media":362712,"comment_status":"","ping_status":"","sticky":false,"template":"","format":"standard","meta":{"footnotes":""},"categories":[4],"tags":[11,1011,27,12,25],"class_list":{"0":"post-362711","1":"post","2":"type-post","3":"status-publish","4":"format-standard","5":"has-post-thumbnail","7":"category-france","8":"tag-actualites","9":"tag-fr","10":"tag-france","11":"tag-news","12":"tag-republique-francaise"},"share_on_mastodon":{"url":"https:\/\/pubeurope.com\/@fr\/115139189436883176","error":""},"_links":{"self":[{"href":"https:\/\/www.europesays.com\/fr\/wp-json\/wp\/v2\/posts\/362711","targetHints":{"allow":["GET"]}}],"collection":[{"href":"https:\/\/www.europesays.com\/fr\/wp-json\/wp\/v2\/posts"}],"about":[{"href":"https:\/\/www.europesays.com\/fr\/wp-json\/wp\/v2\/types\/post"}],"author":[{"embeddable":true,"href":"https:\/\/www.europesays.com\/fr\/wp-json\/wp\/v2\/users\/2"}],"replies":[{"embeddable":true,"href":"https:\/\/www.europesays.com\/fr\/wp-json\/wp\/v2\/comments?post=362711"}],"version-history":[{"count":0,"href":"https:\/\/www.europesays.com\/fr\/wp-json\/wp\/v2\/posts\/362711\/revisions"}],"wp:featuredmedia":[{"embeddable":true,"href":"https:\/\/www.europesays.com\/fr\/wp-json\/wp\/v2\/media\/362712"}],"wp:attachment":[{"href":"https:\/\/www.europesays.com\/fr\/wp-json\/wp\/v2\/media?parent=362711"}],"wp:term":[{"taxonomy":"category","embeddable":true,"href":"https:\/\/www.europesays.com\/fr\/wp-json\/wp\/v2\/categories?post=362711"},{"taxonomy":"post_tag","embeddable":true,"href":"https:\/\/www.europesays.com\/fr\/wp-json\/wp\/v2\/tags?post=362711"}],"curies":[{"name":"wp","href":"https:\/\/api.w.org\/{rel}","templated":true}]}}