{"id":362715,"date":"2025-09-03T07:31:19","date_gmt":"2025-09-03T07:31:19","guid":{"rendered":"https:\/\/www.europesays.com\/fr\/362715\/"},"modified":"2025-09-03T07:31:19","modified_gmt":"2025-09-03T07:31:19","slug":"recrue-phare-de-lasm-clermont-auvergne-harry-plumer-confiant-avant-la-reprise-du-top-14","status":"publish","type":"post","link":"https:\/\/www.europesays.com\/fr\/362715\/","title":{"rendered":"Recrue phare de l&rsquo;ASM Clermont Auvergne, Harry Plumer confiant avant la reprise du Top 14"},"content":{"rendered":"<p>Recrue phare de l&rsquo;ASM Clermont Auvergne, le N\u00e9o-z\u00e9landais Harry Plumer a r\u00e9pondu aux questions des journalistes ce mardi. Il s&rsquo;est montr\u00e9 confiant avant la reprise du Top 14 ce dimanche face au Stade Toulousain. <\/p>\n<p>Le n\u00e9o-z\u00e9landais Harry Plumer s&rsquo;est montr\u00e9 confiant devant la presse, \u00e0 quelques jours la reprise du Top 14 et de la r\u00e9ception ce dimanche du Stade Toulousain.<\/p>\n<p><strong>Harry, comment tu te sens \u00e0 quelques jours de la reprise\u00a0?<\/strong><\/p>\n<p>\u00ab\u00a0C&rsquo;est bon\u00a0\u00bb [en fran\u00e7ais] La pr\u00e9-saison a \u00e9t\u00e9 bonne, dure, avec deux matchs, l&rsquo;un contre une tr\u00e8s bonne \u00e9quipe de Brive, l&rsquo;autre contre une tr\u00e8s bonne \u00e9quipe de Toulon. L&rsquo;\u00e9quipe apprend au fur et \u00e0 mesure sur les diff\u00e9rents aspects de notre jeu. On est dans de bonnes conditions pour affronter Toulouse dimanche.<\/p>\n<p><strong>Toulouse, qu&rsquo;est-ce que cela \u00e9voque pour toi\u00a0?<\/strong><\/p>\n<p>C&rsquo;est mon premier match en Top 14, alors est-ce que je dois \u00eatre sur la feuille de match\u00a0? C&rsquo;est une occasion tr\u00e8s sp\u00e9ciale et c&rsquo;est \u00e0 la maison. Je connais l&rsquo;histoire du Stade Marcel Michelin, combien c&rsquo;est difficile pour les \u00e9quipes de venir jouer ici. Mais je sais aussi \u00e0 quel point Toulouse est une bonne \u00e9quipe. Donc si vous voulez affronter la meilleure \u00e9quipe du pays, vous devez d&rsquo;abord avoir une id\u00e9e de votre situation. Je ne doute pas qu&rsquo;ils auront un tr\u00e8s bon plan de jeu et une tr\u00e8s bonne \u00e9quipe, mais nous avons aussi de tr\u00e8s bons joueurs. Nous ne nous faisons pas d&rsquo;illusions sur le fait que c&rsquo;est une tr\u00e8s bonne \u00e9quipe. Mais c&rsquo;est une nouvelle saison et nous sommes tr\u00e8s enthousiastes \u00e0 l&rsquo;id\u00e9e de les affronter.<\/p>\n<p><strong>Vous avez jou\u00e9 les deux matchs amicaux avec Clermont. Avec ces deux matchs, qu&rsquo;est-ce que tu as trouv\u00e9 le plus diff\u00e9rent par rapport \u00e0 ton passage chez les Blues (son ancien club) ?<\/strong><\/p>\n<p>C&rsquo;est physique et ce n&rsquo;est pas le cas en Nouvelle-Z\u00e9lande. Je pense que ce suppl\u00e9ment physique, surtout \u00e0 l&rsquo;avant avec les attaquants, limite probablement la capacit\u00e9 d&rsquo;avoir une balle tr\u00e8s, tr\u00e8s rapide. Mais en m\u00eame temps il y a de grandes similitudes, je pense, notamment en ce qui concerne la fa\u00e7on dont l&rsquo;\u00e9quipe s&rsquo;appr\u00eate \u00e0 jouer. Comme je l&rsquo;ai dit, il y a aussi de gros attaquants dans notre \u00e9quipe, nous avons \u00e9galement des arri\u00e8res assez rapides.<\/p>\n<p><strong>Le passage du syst\u00e8me de Vern Cotter (entra\u00eeneur des Blues) \u00e0 Christophe Urios, quelle est la principale diff\u00e9rence\u00a0?<\/strong><\/p>\n<p>Pour \u00eatre honn\u00eate, c&rsquo;est assez similaire la fa\u00e7on dont ils veulent jouer. Il s&rsquo;agit de gagner des lignes, trouver des espaces, ex\u00e9cuter vos d\u00e9cisions dans l&rsquo;espace&#8230;\u00a0 Je suppose que cela vient de la ligue fran\u00e7aise. C&rsquo;est donc tr\u00e8s rafra\u00eechissant de jouer un style de rugby similaire \u00e0 celui que j&rsquo;ai jou\u00e9 ces derni\u00e8res ann\u00e9es.<\/p>\n<p><strong>Comment s&rsquo;est pass\u00e9 votre association avec Baptiste Jauneau\u00a0?<\/strong><\/p>\n<p>Il est effront\u00e9\u00a0! (Il rit).\u00a0 Non, je pense que c&rsquo;est g\u00e9nial pour le club qu&rsquo;il ait prolong\u00e9. C&rsquo;est \u00e9videmment \u00e9norme pour la r\u00e9gion et Clermont. C&rsquo;est g\u00e9nial. Je n&rsquo;ai jou\u00e9 que 50 minutes avec lui jusqu&rsquo;\u00e0 pr\u00e9sent, mais on a d\u00e9j\u00e0 une relation plut\u00f4t cool en dehors du rugby. Et dans le rugby, il est \u00e0 fond, il est tr\u00e8s bon. C&rsquo;est un tr\u00e8s bon joueur, on l&rsquo;a vu contre Toulon, notamment en ce qui concerne la prise de d\u00e9cisions et l&rsquo;ex\u00e9cution. Il est capitaine pour une bonne raison et il montre l&rsquo;exemple.<\/p>\n<p><strong>De nombreuses attentes vous concernent au sein de l&rsquo;\u00e9quipe, comment le g\u00e9rez-vous\u00a0?<\/strong><\/p>\n<p>Il y a des attentes sur tous les joueurs. Il y a de la pression dans le fait d&rsquo;\u00eatre un sportif professionnel. J&rsquo;ai toujours pens\u00e9 que la pression \u00e9tait un privil\u00e8ge. Donc, \u00eatre capable d&rsquo;avoir cela sur mes \u00e9paules, ainsi que sur les autres joueurs, je pense que c&rsquo;est un honneur, cela montre que c&rsquo;est une r\u00e9gion qui tient \u00e0 son rugby et \u00e0 ses habitants. Et, vous savez, je suis tr\u00e8s fier de repr\u00e9senter Clermont du mieux que je peux, donner le meilleur de mes capacit\u00e9s, et je suis vraiment heureux d&rsquo;avoir cette opportunit\u00e9 cette ann\u00e9e.<\/p>\n<p><strong>Dans votre jeu, votre \u00e9tat d&rsquo;esprit, que devez-vous adapter dans les jours et les semaines \u00e0 venir pour devenir le meilleur joueur ici\u00a0?<\/strong><\/p>\n<p>C&rsquo;est une longue saison par rapport \u00e0 ce \u00e0 quoi j&rsquo;\u00e9tais habitu\u00e9, alors je pense qu&rsquo;il s&rsquo;agit simplement de conna\u00eetre son corps et de comprendre ce dont il a besoin pour \u00eatre pr\u00eat le jour du match. Je suis quelqu&rsquo;un qui aime la comp\u00e9tition. J&rsquo;adore aussi apprendre \u00e0 mieux conna\u00eetre mes pairs sur le terrain et en dehors, donc c&rsquo;est probablement un autre aspect important. Cette relation avec les gar\u00e7ons am\u00e9liore \u00e9videmment mon fran\u00e7ais au point que je peux vraiment bien communiquer avec l&rsquo;\u00e9quipe, au lieu de me contenter de phrases bris\u00e9es pour le moment. Donc oui, comme je l&rsquo;ai dit, je suis vraiment enthousiaste \u00e0 l&rsquo;id\u00e9e de commencer la saison.<\/p>\n<p>\u00c0 \u00e9couter aussi   <img decoding=\"async\" src=\"https:\/\/www.europesays.com\/fr\/wp-content\/uploads\/2025\/09\/1756884678_658_560x315\" alt=\"Harry Plummer fait une photo avec une supportice de l'ASM Clermont Auvergne.\" style=\"--_image-preview:url('data:image\/jpeg;base64,\/9j\/2wBDACgcHiMeGSgjISMtKygwPGRBPDc3PHtYXUlkkYCZlo+AjIqgtObDoKrarYqMyP\/L2u71\/\/\/\/m8H\/\/\/\/6\/+b9\/\/j\/2wBDASstLTw1PHZBQXb4pYyl+Pj4+Pj4+Pj4+Pj4+Pj4+Pj4+Pj4+Pj4+Pj4+Pj4+Pj4+Pj4+Pj4+Pj4+Pj4+Pj4+Pj\/wAARCAAXACoDASIAAhEBAxEB\/8QAGAABAQEBAQAAAAAAAAAAAAAAAAECAwT\/xAAXEAEBAQEAAAAAAAAAAAAAAAAAAREC\/8QAFwEAAwEAAAAAAAAAAAAAAAAAAAEDAv\/EABURAQEAAAAAAAAAAAAAAAAAAAAB\/9oADAMBAAIRAxEAPwDy8uvLEjcMNQpqWiFSoWs6pGVwBNRdTQEKpamgpGK\/\/9k=');\" loading=\"lazy\" fetchpriority=\"low\" aria-hidden=\"true\" class=\"svelte-1pnmlwx rounded\" onload=\"this.__e=event\" onerror=\"this.__e=event\"\/><\/p>\n","protected":false},"excerpt":{"rendered":"Recrue phare de l&rsquo;ASM Clermont Auvergne, le N\u00e9o-z\u00e9landais Harry Plumer a r\u00e9pondu aux questions des journalistes ce mardi.&hellip;\n","protected":false},"author":2,"featured_media":362716,"comment_status":"","ping_status":"","sticky":false,"template":"","format":"standard","meta":{"footnotes":""},"categories":[1416],"tags":[1011,27,479,1468,60],"class_list":{"0":"post-362715","1":"post","2":"type-post","3":"status-publish","4":"format-standard","5":"has-post-thumbnail","7":"category-rugby","8":"tag-fr","9":"tag-france","10":"tag-rugby","11":"tag-rugby-football","12":"tag-sports"},"share_on_mastodon":{"url":"https:\/\/pubeurope.com\/@fr\/115139201242039540","error":""},"_links":{"self":[{"href":"https:\/\/www.europesays.com\/fr\/wp-json\/wp\/v2\/posts\/362715","targetHints":{"allow":["GET"]}}],"collection":[{"href":"https:\/\/www.europesays.com\/fr\/wp-json\/wp\/v2\/posts"}],"about":[{"href":"https:\/\/www.europesays.com\/fr\/wp-json\/wp\/v2\/types\/post"}],"author":[{"embeddable":true,"href":"https:\/\/www.europesays.com\/fr\/wp-json\/wp\/v2\/users\/2"}],"replies":[{"embeddable":true,"href":"https:\/\/www.europesays.com\/fr\/wp-json\/wp\/v2\/comments?post=362715"}],"version-history":[{"count":0,"href":"https:\/\/www.europesays.com\/fr\/wp-json\/wp\/v2\/posts\/362715\/revisions"}],"wp:featuredmedia":[{"embeddable":true,"href":"https:\/\/www.europesays.com\/fr\/wp-json\/wp\/v2\/media\/362716"}],"wp:attachment":[{"href":"https:\/\/www.europesays.com\/fr\/wp-json\/wp\/v2\/media?parent=362715"}],"wp:term":[{"taxonomy":"category","embeddable":true,"href":"https:\/\/www.europesays.com\/fr\/wp-json\/wp\/v2\/categories?post=362715"},{"taxonomy":"post_tag","embeddable":true,"href":"https:\/\/www.europesays.com\/fr\/wp-json\/wp\/v2\/tags?post=362715"}],"curies":[{"name":"wp","href":"https:\/\/api.w.org\/{rel}","templated":true}]}}