{"id":362717,"date":"2025-09-03T07:32:13","date_gmt":"2025-09-03T07:32:13","guid":{"rendered":"https:\/\/www.europesays.com\/fr\/362717\/"},"modified":"2025-09-03T07:32:13","modified_gmt":"2025-09-03T07:32:13","slug":"novak-djokovic-rejoint-carlos-alcaraz-en-demi-finales-aryna-sabalenka-qualifiee-sur-forfait","status":"publish","type":"post","link":"https:\/\/www.europesays.com\/fr\/362717\/","title":{"rendered":"Novak Djokovic rejoint Carlos Alcaraz en demi-finales, Aryna Sabalenka qualifi\u00e9e sur forfait"},"content":{"rendered":"\n<p class=\"c-chapo \">\n  La num\u00e9ro 1 mondiale, tenante du titre, a ralli\u00e9 les demi-finales sans jouer apr\u00e8s le forfait de la Tch\u00e8que Marketa Vondrousova.\n<\/p>\n<p>            lire plus tard<\/p>\n<p id=\"dialog__title\" class=\"dialog__title\">Pour sauvegarder cet article, connectez-vous ou cr\u00e9ez un compte franceinfo<\/p>\n<p class=\"dialog__description\">Sans paiement. Sans abonnement.<\/p>\n<p>        Fermer la fen\u00eatre d\u2019activation des notifications France Info<\/p>\n<p>            cr\u00e9er votre compte<\/p>\n<p>            se connecter<\/p>\n<p>        Fermer la fen\u00eatre de pr\u00e9sentation<\/p>\n<p>    <img loading=\"lazy\" decoding=\"async\" class=\"signature__image lazyload\" width=\"100\" height=\"100\" data- alt=\"\" src=\"https:\/\/www.europesays.com\/fr\/wp-content\/uploads\/2025\/07\/logosport-fond-blanc-68664bf99f8a0368288482.jpg\"\/><\/p>\n<p>          France T\u00e9l\u00e9visions &#8211; R\u00e9daction Sport<\/p>\n<p>    Publi\u00e9 le 03\/09\/2025 08:29<\/p>\n<p>        Temps de lecture : 3min<\/p>\n<p>    <img decoding=\"async\"  alt=\"Novak Djokovic en quarts de finale de l'US Open face \u00e0 Taylor Fritz, le 2 septembre 2025, \u00e0 New York. (CHARLY TRIBALLEAU \/ AFP)\" width=\"432\" height=\"243\" src=\"https:\/\/www.europesays.com\/fr\/wp-content\/uploads\/2025\/09\/000-738r2fh-68b7deb18476a572720734.jpg\" fetchpriority=\"high\"\/><\/p>\n<p>      Novak Djokovic en quarts de finale de l&rsquo;US Open face \u00e0 Taylor Fritz, le 2 septembre 2025, \u00e0 New York. (CHARLY TRIBALLEAU \/ AFP)<\/p>\n<p>Le choc attendu aura bien lieu.\u00a0En g\u00e9missant puis en dansant, Novak Djokovic (7e joueur mondial) a rejoint Carlos Alcaraz (2e) <a href=\"https:\/\/www.franceinfo.fr\/sports\/tennis\/us-open\/\" rel=\"nofollow noopener\" target=\"_blank\">en demi-finales de l&rsquo;US Open<\/a> apr\u00e8s sa victoire face au finaliste sortant Taylor Fritz (6-3, 7-5, 3-6, 6-4), dans la nuit du mardi 2 au mercredi 3 septembre \u00e0 New York. Malmen\u00e9 physiquement par le 4e joueur mondial, Novak Djokovic s&rsquo;est montr\u00e9 plus r\u00e9aliste que l&rsquo;Am\u00e9ricain pour s&rsquo;imposer en quatre sets en quarts de finale.<\/p>\n<p>Il a c\u00e9l\u00e9br\u00e9 sa victoire en esquissant quelques pas de danse pour sa fille, qui vient de f\u00eater son anniversaire loin de son p\u00e8re. \u00ab\u00a0C&rsquo;\u00e9tait un match incroyablement serr\u00e9, j&rsquo;ai eu de la chance d&rsquo;\u00e9carter plusieurs balles de break \u00e0 des moments importants dans le deuxi\u00e8me set\u00a0\u00bb, a souffl\u00e9 le vainqueur. \u00ab\u00a0Durant l&rsquo;essentiel des deuxi\u00e8me et troisi\u00e8me sets, il (Fritz) \u00e9tait le meilleur joueur sur le court\u00a0\u00bb, a jug\u00e9 un Djokovic soulag\u00e9 d&rsquo;avoir maintenu en vie son r\u00eave d&rsquo;un 25e titre record en Grand Chelem.<\/p>\n<p>Il retrouvera vendredi dans le dernier carr\u00e9 le n\u00b02 mondial Carlos Alcaraz, qu&rsquo;il avait domin\u00e9 en quarts de finale de l&rsquo;Open d&rsquo;Australie en janvier lors de leur derni\u00e8re confrontation, et qu&rsquo;il n&rsquo;a jamais affront\u00e9 \u00e0 New York. \u00ab\u00a0Les deux jours \u00e0 venir vont \u00eatre vraiment cruciaux pour mettre mon corps en condition, le pr\u00e9parer \u00e0 se battre durant cinq sets si n\u00e9cessaire\u00a0\u00bb contre l&rsquo;Espagnol, a affirm\u00e9 Djokovic. \u00ab\u00a0Je ne vais en tout cas pas hisser le drapeau blanc en entrant sur le court\u00a0\u00bb, a promis le Serbe.<\/p>\n<p>\u00c9limin\u00e9 l&rsquo;an dernier au deuxi\u00e8me tour, Carlos Alcaraz est revenu \u00e0 New York le couteau entre les dents <a href=\"https:\/\/www.franceinfo.fr\/sports\/tennis\/us-open\/us-open-2025-carlos-alcaraz-en-demonstration-face-a-jiri-lehecka-pour-rejoindre-les-demi-finales_7469275.html\" rel=\"nofollow noopener\" target=\"_blank\">et s&rsquo;est impos\u00e9 mardi (6-4, 6-2, 6-4)<\/a> contre le Tch\u00e8que Jiri Lehecka (21e). En qu\u00eate de la place de num\u00e9ro un mondial, l&rsquo;Espagnol est certain de d\u00e9tr\u00f4ner Jannik Sinner s&rsquo;il remporte le titre \u00e0 New York.\u00a0Mercredi, les deux derniers quarts de finale opposeront l&rsquo;Italien \u00e0 son compatriote Lorenzo Musetti (10e) et Alex De Minaur (8e) \u00e0 Felix Auger-Aliassime (27e).<\/p>\n<p>Dans le tableau f\u00e9minin, Aryna Sabalenka a b\u00e9n\u00e9fici\u00e9 mardi du forfait sur blessure de la Tch\u00e8que Marketa Vondrousova (60e), qu&rsquo;elle devait affronter en quarts de finale. \u00ab\u00a0Durant un entra\u00eenement aujourd&rsquo;hui, j&rsquo;ai senti mon genou de nouveau et apr\u00e8s consultation avec le m\u00e9decin du tournoi, j&rsquo;ai d\u00e9cid\u00e9 de ne pas risquer d&rsquo;aggraver la blessure\u00a0\u00bb, a \u00e9crit dans un communiqu\u00e9 la laur\u00e9ate de Wimbledon en 2023, pr\u00e9cisant que la l\u00e9sion datait de son match pr\u00e9c\u00e9dent.<\/p>\n<p>Ce retrait a plant\u00e9 le d\u00e9cor des retrouvailles entre Aryna Sabalenka et Jessica Pegula, <a href=\"https:\/\/www.franceinfo.fr\/sports\/tennis\/us-open\/us-open-2024-aryna-sabalenka-vient-a-bout-de-jessica-pegula-en-finale-et-s-offre-son-premier-sacre-a-new-york_6768964.html\" rel=\"nofollow noopener\" target=\"_blank\">apr\u00e8s une finale serr\u00e9e \u00e0 New York<\/a> l&rsquo;an pass\u00e9, remport\u00e9e par la n\u00b01 mondiale (7-5, 7-5). Plus t\u00f4t, l&rsquo;Am\u00e9ricaine s&rsquo;\u00e9tait promptement extraite de son quart de finale face \u00e0 la Tch\u00e8que Barbora Krejcikova (62e, 6-3, 6-3). En cinq matches, Pegula n&rsquo;a toujours pas abandonn\u00e9 le moindre set. Les deux derniers quarts de finale du tableau f\u00e9minin opposeront mercredi Iga Swiatek (2e) \u00e0 Amanda Anisimova (9e), dans un remake de la <a href=\"https:\/\/www.franceinfo.fr\/sports\/tennis\/wimbledon\/wimbledon-2025-en-57-minutes-iga-swiatek-humilie-amanda-anisimova-6-0-6-0-et-remporte-son-premier-grand-chelem-britannique_7373266.html\" rel=\"nofollow noopener\" target=\"_blank\">finale exp\u00e9ditive de Wimbledon<\/a> (victoire de Swiatek 6-0, 6-0), et Naomi Osaka (24e) \u00e0 Karolina Muchova (13e).<\/p>\n","protected":false},"excerpt":{"rendered":"La num\u00e9ro 1 mondiale, tenante du titre, a ralli\u00e9 les demi-finales sans jouer apr\u00e8s le forfait de la&hellip;\n","protected":false},"author":2,"featured_media":362718,"comment_status":"","ping_status":"","sticky":false,"template":"","format":"standard","meta":{"footnotes":""},"categories":[1415],"tags":[1011,27,60,1467],"class_list":{"0":"post-362717","1":"post","2":"type-post","3":"status-publish","4":"format-standard","5":"has-post-thumbnail","7":"category-tennis","8":"tag-fr","9":"tag-france","10":"tag-sports","11":"tag-tennis"},"share_on_mastodon":{"url":"https:\/\/pubeurope.com\/@fr\/115139205122015038","error":""},"_links":{"self":[{"href":"https:\/\/www.europesays.com\/fr\/wp-json\/wp\/v2\/posts\/362717","targetHints":{"allow":["GET"]}}],"collection":[{"href":"https:\/\/www.europesays.com\/fr\/wp-json\/wp\/v2\/posts"}],"about":[{"href":"https:\/\/www.europesays.com\/fr\/wp-json\/wp\/v2\/types\/post"}],"author":[{"embeddable":true,"href":"https:\/\/www.europesays.com\/fr\/wp-json\/wp\/v2\/users\/2"}],"replies":[{"embeddable":true,"href":"https:\/\/www.europesays.com\/fr\/wp-json\/wp\/v2\/comments?post=362717"}],"version-history":[{"count":0,"href":"https:\/\/www.europesays.com\/fr\/wp-json\/wp\/v2\/posts\/362717\/revisions"}],"wp:featuredmedia":[{"embeddable":true,"href":"https:\/\/www.europesays.com\/fr\/wp-json\/wp\/v2\/media\/362718"}],"wp:attachment":[{"href":"https:\/\/www.europesays.com\/fr\/wp-json\/wp\/v2\/media?parent=362717"}],"wp:term":[{"taxonomy":"category","embeddable":true,"href":"https:\/\/www.europesays.com\/fr\/wp-json\/wp\/v2\/categories?post=362717"},{"taxonomy":"post_tag","embeddable":true,"href":"https:\/\/www.europesays.com\/fr\/wp-json\/wp\/v2\/tags?post=362717"}],"curies":[{"name":"wp","href":"https:\/\/api.w.org\/{rel}","templated":true}]}}