{"id":362719,"date":"2025-09-03T07:34:13","date_gmt":"2025-09-03T07:34:13","guid":{"rendered":"https:\/\/www.europesays.com\/fr\/362719\/"},"modified":"2025-09-03T07:34:13","modified_gmt":"2025-09-03T07:34:13","slug":"morbidelli-continue-laventure-chez-pertamina-enduro-vr46-racing-team","status":"publish","type":"post","link":"https:\/\/www.europesays.com\/fr\/362719\/","title":{"rendered":"Morbidelli continue l&rsquo;aventure chez Pertamina Enduro VR46 Racing Team"},"content":{"rendered":"<p>L&rsquo;aventure continue pour Franco Morbidelli (Pertamina Enduro VR46 Racing Team) ! Auteur de deux podiums en 2025, l&rsquo;Italien continuera de porter les couleurs du Pertamina Enduro VR46 Racing Team la saison prochaine. Fabio Di Giannantonio (Pertamina Enduro VR46 Racing Team) ayant d\u00e9j\u00e0 \u00e9t\u00e9 confirm\u00e9, la line-up de l&rsquo;\u00e9quipe pour 2026 est d\u00e9sormais compl\u00e8te.<\/p>\n<p>Franco Morbidelli fut le premier pilote de la VR46 Riders Academy et le premier du projet \u00e0 remporter un Championnat du Monde gr\u00e2ce \u00e0 son sacre en Moto2\u2122 en 2017. Apr\u00e8s sept saisons en MotoGP\u2122 marqu\u00e9es par trois victoires, six podiums et une deuxi\u00e8me place au Championnat en 2020, il rejoint le Pertamina Enduro VR46 Racing Team en 2025. Tout de suite \u00e0 l&rsquo;aise dans son nouveau team, il d\u00e9croche deux podiums en Grand Prix en Argentine et au Qatar ainsi que deux autres en Tissot Sprint au Qatar et en Hongrie.<\/p>\n<p><strong>Franco Morbidelli :<\/strong> \u00ab Mon amour pour cette \u00e9quipe est tr\u00e8s profond. Je me sens tr\u00e8s bien ici et j&rsquo;ai une relation super avec chacun de ses membres. Ce sera un plaisir de rouler avec le Pertamina Enduro VR46 Racing Team l&rsquo;ann\u00e9e prochaine \u00e9galement. C&rsquo;est fantastique d&rsquo;annoncer quelque chose d&rsquo;aussi sp\u00e9cial. J&rsquo;esp\u00e8re vivre encore plein d&rsquo;autres journ\u00e9es formidables comme celles qu&rsquo;on a connues cette ann\u00e9e car on le m\u00e9rite vraiment. On a presque un an et demi devant nous pour continuer \u00e0 montrer le grand potentiel qu&rsquo;on a ensemble. Je tiens \u00e0 remercier toute l&rsquo;\u00e9quipe, avec Vale, Uccio et Pablo \u00e0 sa t\u00eate, les partenaires, la VR46 Riders Academy et mes proches \u00bb.<\/p>\n<p><strong>Alessio Salucci, directeur de l&rsquo;\u00e9quipe :<\/strong> \u00ab Nous sommes heureux de confirmer que Franco roulera pour nous la saison prochaine \u00e9galement. Il s&rsquo;est int\u00e9gr\u00e9 \u00e0 l&rsquo;\u00e9quipe d\u00e8s le d\u00e9but et a \u00e9tabli d&rsquo;excellentes relations personnelles et professionnelles qui ont conduit \u00e0 des r\u00e9sultats importants. Franco fait partie de la VR46 Riders Academy depuis ses d\u00e9buts et le voir porter les couleurs de l&rsquo;\u00e9quipe Pertamina Enduro VR46 Racing Team a une signification particuli\u00e8re pour nous, c&rsquo;est comme si la boucle \u00e9tait boucl\u00e9e. Cette ann\u00e9e, avec deux podiums en Grand Prix et deux autres en Tissot Sprint, on a montr\u00e9 ce dont on est capables. Dans cette derni\u00e8re partie de la saison et dans la suivante, l&rsquo;objectif est de nous am\u00e9liorer encore davantage. Son exp\u00e9rience a \u00e9t\u00e9 une valeur ajout\u00e9e et, gr\u00e2ce \u00e0 l&rsquo;expertise de l&rsquo;\u00e9quipe et au soutien de Ducati, on est ravis de poursuivre cette aventure ensemble en 2026 \u00e9galement \u00bb.<\/p>\n","protected":false},"excerpt":{"rendered":"L&rsquo;aventure continue pour Franco Morbidelli (Pertamina Enduro VR46 Racing Team) ! Auteur de deux podiums en 2025, l&rsquo;Italien&hellip;\n","protected":false},"author":2,"featured_media":362720,"comment_status":"","ping_status":"","sticky":false,"template":"","format":"standard","meta":{"footnotes":""},"categories":[1413],"tags":[1011,27,1457,1456,60,2032],"class_list":{"0":"post-362719","1":"post","2":"type-post","3":"status-publish","4":"format-standard","5":"has-post-thumbnail","7":"category-moto","8":"tag-fr","9":"tag-france","10":"tag-moto","11":"tag-motocycle","12":"tag-sports","13":"tag-text"},"share_on_mastodon":{"url":"https:\/\/pubeurope.com\/@fr\/115139212958007491","error":""},"_links":{"self":[{"href":"https:\/\/www.europesays.com\/fr\/wp-json\/wp\/v2\/posts\/362719","targetHints":{"allow":["GET"]}}],"collection":[{"href":"https:\/\/www.europesays.com\/fr\/wp-json\/wp\/v2\/posts"}],"about":[{"href":"https:\/\/www.europesays.com\/fr\/wp-json\/wp\/v2\/types\/post"}],"author":[{"embeddable":true,"href":"https:\/\/www.europesays.com\/fr\/wp-json\/wp\/v2\/users\/2"}],"replies":[{"embeddable":true,"href":"https:\/\/www.europesays.com\/fr\/wp-json\/wp\/v2\/comments?post=362719"}],"version-history":[{"count":0,"href":"https:\/\/www.europesays.com\/fr\/wp-json\/wp\/v2\/posts\/362719\/revisions"}],"wp:featuredmedia":[{"embeddable":true,"href":"https:\/\/www.europesays.com\/fr\/wp-json\/wp\/v2\/media\/362720"}],"wp:attachment":[{"href":"https:\/\/www.europesays.com\/fr\/wp-json\/wp\/v2\/media?parent=362719"}],"wp:term":[{"taxonomy":"category","embeddable":true,"href":"https:\/\/www.europesays.com\/fr\/wp-json\/wp\/v2\/categories?post=362719"},{"taxonomy":"post_tag","embeddable":true,"href":"https:\/\/www.europesays.com\/fr\/wp-json\/wp\/v2\/tags?post=362719"}],"curies":[{"name":"wp","href":"https:\/\/api.w.org\/{rel}","templated":true}]}}