{"id":362727,"date":"2025-09-03T07:38:10","date_gmt":"2025-09-03T07:38:10","guid":{"rendered":"https:\/\/www.europesays.com\/fr\/362727\/"},"modified":"2025-09-03T07:38:10","modified_gmt":"2025-09-03T07:38:10","slug":"patrick-sebastien-candidat-a-la-prochaine-election-presidentielle-sa-folle-annonce-chez-cyril-hanouna-sur-tbt9","status":"publish","type":"post","link":"https:\/\/www.europesays.com\/fr\/362727\/","title":{"rendered":"Patrick S\u00e9bastien candidat \u00e0 la prochaine \u00e9lection pr\u00e9sidentielle ? Sa folle annonce chez Cyril Hanouna sur TBT9"},"content":{"rendered":"<p>Pendant plusieurs mois, avant qu\u2019il annonce son arriv\u00e9e prochaine sur le groupe M6 apr\u00e8s l\u2019arr\u00eat de <strong>TPMP<\/strong> et C8, <a href=\"https:\/\/www.public.fr\/tag\/cyril-hanouna\" target=\"_blank\" rel=\"noopener\">Cyril Hanouna<\/a> laissait pr\u00e9sager une \u00e9ventuelle candidature \u00e0 la prochaine \u00e9lection pr\u00e9sidentielle. Finalement, ce n\u2019est pas l\u2019animateur qui tentera sa chance mais <a href=\"https:\/\/www.public.fr\/tag\/patrick-sebastien\" target=\"_blank\" rel=\"noopener\">Patrick S\u00e9bastien<\/a>, invit\u00e9 de <strong><a href=\"https:\/\/www.public.fr\/tag\/tout-beau-tout-9\" target=\"_blank\" rel=\"noopener\">Tout beau, tout n9uf (TBT9)<\/a><\/strong> ce mardi 2 septembre 2025, qui pourrait lui voler la vedette.<\/p>\n<p>En effet, l\u2019ancien pr\u00e9sentateur du <strong>Plus grand cabaret du monde<\/strong> <strong>songerait \u00e0 se pr\u00e9senter <\/strong>comme celui-ci l\u2019a annonc\u00e9 ce mardi soir. N\u00e9anmoins, l\u2019animateur n\u2019est pas venu au d\u00e9part <a href=\"https:\/\/www.public.fr\/patrick-sebastien-apres-laffaire-de-la-fellation-il-debarque-chez-cyril-hanouna-dans-tbt9\" target=\"_blank\" rel=\"noopener\">dans la nouvelle quotidienne de W9<\/a> pour \u00e9voquer cette \u00e9ventuelle candidature. S\u2019il a accept\u00e9 la proposition de Cyril Hanouna, c\u2019est surtout pour revenir sur la pol\u00e9mique de l\u2019\u00e9t\u00e9.<\/p>\n<p>Patrick S\u00e9bastien revient sur la pol\u00e9mique de la \u00ab\u00a0fellation\u00a0\u00bb<\/p>\n<p>Pour rappel, Patrick S\u00e9bastien a suscit\u00e9 de nombreuses r\u00e9actions ces derni\u00e8res semaines \u00e0 cause d\u2019une vid\u00e9o qui fait le tour de la Toile. Dans celle-ci, l\u2019animateur apparaissait sur sc\u00e8ne lors d\u2019un concert au Cap d\u2019Agde lorsqu\u2019une spectatrice, pr\u00e9sente sur sc\u00e8ne \u00e0 ses c\u00f4t\u00e9s, a mim\u00e9 une fellation.<\/p>\n<p>Jusqu\u2019ici, le principal int\u00e9ress\u00e9 n\u2019avait pas pris la parole pour donner sa version. Il a finalement fallu attendre sa venue dans TBT9 pour l\u2019avoir. \u00ab\u00a0On a fait avaler \u00e0 tout le monde que c&rsquo;\u00e9tait un public familial. Il est \u00e9vident que si c&rsquo;est un public familial, c&rsquo;est choquant, bien s\u00fbr\u00a0\u00bb, a-t-il reconnu dans un premier temps.<\/p>\n<p>Avant de regretter : \u00ab\u00a0Moi, je lisais des trucs, j&rsquo;avais l&rsquo;impression que j&rsquo;avais chant\u00e9 \u00e0 Lourdes. Je me suis dit qu&rsquo;il y avait des papis, des mamies, des poussettes\u00a0\u00bb. \u00ab\u00a0En fait, ce n\u2019est pas \u00e7a du tout. On est au camping Naturis du Cap d&rsquo;Agde, qui est l&rsquo;endroit, le temple du libertinage en France. \u00c0 100 m\u00e8tres du camping o\u00f9 j&rsquo;ai chant\u00e9, il y a un truc qui s&rsquo;appelle la baie des Cochons. Je ne sais pas si vous en avez entendu parler ? C&rsquo;est un baisodrome \u00e0 ciel ouvert\u00a0\u00bb, a-t-il finalement expliqu\u00e9 pour se d\u00e9fendre.<\/p>\n<p>Il annonce son \u00e9ventuelle candidature \u00e0 la prochaine \u00e9lection pr\u00e9sidentielle<\/p>\n<p>Apr\u00e8s avoir donn\u00e9 sa version, Patrick S\u00e9bastien a fait une autre r\u00e9v\u00e9lation de taille. Suite \u00e0 cette histoire, l\u2019animateur aurait song\u00e9 \u00e0 <strong>se pr\u00e9senter \u00e0 l\u2019\u00e9lection pr\u00e9sidentielle<\/strong>. \u00ab\u00a0Mais pas pour eux, pas pour \u00eatre \u00e9lu, \u00e9videmment. Mais par contre, \u00eatre le porte-parole d&rsquo;une autre France, celle que moi, je connais l\u00e0, celle qui en a marre de se faire manipuler, qui en a marre de se faire exploiter, qui en a marre qu&rsquo;on les prenne pour des cons (\u2026) Alors, je te rassure, ce n&rsquo;est pas d\u2019actualit\u00e9\u2026 Pour l\u2019instant\u00a0\u00bb, a-t-il poursuivi avant de se faire couper par <a href=\"https:\/\/vsd.fr\/tag\/cyril-hanouna\/\" target=\"_blank\" rel=\"noopener\">Cyril Hanouna.<\/a><\/p>\n<p>L\u2019animateur de <strong>TBT9<\/strong>, tr\u00e8s \u00e9tonn\u00e9 par les derni\u00e8res d\u00e9clarations de son invit\u00e9 a alors demand\u00e9 : \u00ab\u00a0Attends, attends, donc Patrick, c&rsquo;est un truc de fou. On est en direct. <strong>Tu t&rsquo;es pos\u00e9 la question<\/strong> ?\u00a0\u00bb. Apr\u00e8s avoir affirm\u00e9 s\u2019\u00eatre d\u00e9j\u00e0 pos\u00e9 la question, Patrick S\u00e9bastien a souhait\u00e9 apporter quelques pr\u00e9cisions sur son \u00e9ventuel projet de candidature \u00e0 la prochaine \u00e9lection pr\u00e9sidentielle.\u00a0<\/p>\n<p>\u00ab\u00a0Bien s\u00fbr. Pas pour aller au bout. Pour montrer qu&rsquo;il y a une autre France qui existe, \u00e0 qui on ne donne plus la parole, qu&rsquo;il y a des gens qui sont abandonn\u00e9s. Pour eux, tous ces gens-l\u00e0 qui sont derri\u00e8re moi, c&rsquo;est des beaufs, c&rsquo;est des blaireaux, c&rsquo;est des incultes. Ce n\u2019est pas vrai, moi, je connais ces gens-l\u00e0. Ils aiment leur papa, leur maman, leurs enfants, autant que ceux qui les jugent. Ils sont dans la merde l\u00e0 parce qu&rsquo;on n&rsquo;arr\u00eate pas de taper dessus\u00a0\u00bb, a une fois de plus regrett\u00e9 l\u2019animateur de 71 ans.<\/p>\n<p>Avant de poursuivre : \u00ab\u00a0Moi, je n&rsquo;ai pas de programme \u00e9lectoral. J&rsquo;ai juste un ressenti en me disant\u00a0: Si jamais il y a un mouvement comme \u00e7a, le nom, c&rsquo;est tr\u00e8s facile. C&rsquo;est \u2018\u00c7a suffit\u2019. Et c&rsquo;est ce que j&rsquo;entends partout. C&rsquo;est \u2018Stop, \u00e7a suffit\u2019, il faut changer les choses\u00a0\u00bb. \u00ab\u00a0Apr\u00e8s, moi, je ne veux \u00eatre rien. J&rsquo;ai soixante et onze balais. Moi, je veux continuer \u00e0 faire l&rsquo;artiste, m\u2019amuser\u00a0\u00bb, a finalement conclu l\u2019invit\u00e9 de Cyril Hanouna.\u00a0<\/p>\n<p>      Mentionn\u00e9s dans cet article<\/p>\n<p>      Sur le m\u00eame sujet<\/p>\n","protected":false},"excerpt":{"rendered":"Pendant plusieurs mois, avant qu\u2019il annonce son arriv\u00e9e prochaine sur le groupe M6 apr\u00e8s l\u2019arr\u00eat de TPMP et&hellip;\n","protected":false},"author":2,"featured_media":362728,"comment_status":"","ping_status":"","sticky":false,"template":"","format":"standard","meta":{"footnotes":""},"categories":[1359],"tags":[1083,58,11984,59,1011,27,6097,973,10253,22498,22497],"class_list":{"0":"post-362727","1":"post","2":"type-post","3":"status-publish","4":"format-standard","5":"has-post-thumbnail","7":"category-people","8":"tag-cyril-hanouna","9":"tag-divertissement","10":"tag-election-presidentielle","11":"tag-entertainment","12":"tag-fr","13":"tag-france","14":"tag-patrick-sebastien","15":"tag-people","16":"tag-president-de-la-republique","17":"tag-tout-9-tbt9","18":"tag-tout-beau"},"share_on_mastodon":{"url":"https:\/\/pubeurope.com\/@fr\/115139228704750663","error":""},"_links":{"self":[{"href":"https:\/\/www.europesays.com\/fr\/wp-json\/wp\/v2\/posts\/362727","targetHints":{"allow":["GET"]}}],"collection":[{"href":"https:\/\/www.europesays.com\/fr\/wp-json\/wp\/v2\/posts"}],"about":[{"href":"https:\/\/www.europesays.com\/fr\/wp-json\/wp\/v2\/types\/post"}],"author":[{"embeddable":true,"href":"https:\/\/www.europesays.com\/fr\/wp-json\/wp\/v2\/users\/2"}],"replies":[{"embeddable":true,"href":"https:\/\/www.europesays.com\/fr\/wp-json\/wp\/v2\/comments?post=362727"}],"version-history":[{"count":0,"href":"https:\/\/www.europesays.com\/fr\/wp-json\/wp\/v2\/posts\/362727\/revisions"}],"wp:featuredmedia":[{"embeddable":true,"href":"https:\/\/www.europesays.com\/fr\/wp-json\/wp\/v2\/media\/362728"}],"wp:attachment":[{"href":"https:\/\/www.europesays.com\/fr\/wp-json\/wp\/v2\/media?parent=362727"}],"wp:term":[{"taxonomy":"category","embeddable":true,"href":"https:\/\/www.europesays.com\/fr\/wp-json\/wp\/v2\/categories?post=362727"},{"taxonomy":"post_tag","embeddable":true,"href":"https:\/\/www.europesays.com\/fr\/wp-json\/wp\/v2\/tags?post=362727"}],"curies":[{"name":"wp","href":"https:\/\/api.w.org\/{rel}","templated":true}]}}