{"id":362731,"date":"2025-09-03T07:40:11","date_gmt":"2025-09-03T07:40:11","guid":{"rendered":"https:\/\/www.europesays.com\/fr\/362731\/"},"modified":"2025-09-03T07:40:11","modified_gmt":"2025-09-03T07:40:11","slug":"un-roman-monde-dans-les-ruines-de-la-memoire","status":"publish","type":"post","link":"https:\/\/www.europesays.com\/fr\/362731\/","title":{"rendered":"un roman-monde dans les ruines de la m\u00e9moire"},"content":{"rendered":"<p>            <a href=\"https:\/\/unidivers.fr\/wp-content\/uploads\/2025\/09\/maison-vide-laurent-mauvignier.jpg\" data-caption=\"\" target=\"_blank\" rel=\"noopener\"><img loading=\"lazy\" decoding=\"async\" width=\"696\" height=\"381\" class=\"entry-thumb td-modal-image lazy\" src=\"https:\/\/www.europesays.com\/fr\/wp-content\/uploads\/2025\/09\/maison-vide-laurent-mauvignier-696x381.jpg\"  data- alt=\"Maison vide Laurent Mauvignier\" title=\"Maison vide Laurent Mauvignier\"\/><\/a><\/p>\n<p>Avec\u00a0<strong>La Maison vide Laurent Mauvignier<\/strong> accomplit un geste litt\u00e9raire d\u2019une rare ampleur : plus de 700 pages pour explorer une g\u00e9n\u00e9alogie, fouiller les fractures intimes d\u2019une lign\u00e9e et interroger ce que la m\u00e9moire familiale \u2014 ses silences, ses traumatismes, ses l\u00e9gendes \u2014 d\u00e9pose dans nos vies. Ce roman, monumental et fragile, s\u2019impose comme une m\u00e9ditation sur la transmission des blessures et des espoirs, sur la fa\u00e7on dont l\u2019Histoire p\u00e9n\u00e8tre la chair des familles.<\/p>\n<p>Le titre dit tout : une maison, d\u00e9sert\u00e9e, mais hant\u00e9e de pr\u00e9sences. Laurent Mauvignier la repeuple, pi\u00e8ce apr\u00e8s pi\u00e8ce, g\u00e9n\u00e9ration apr\u00e8s g\u00e9n\u00e9ration. Dans cet espace, les voix disparues se superposent, les destins s\u2019entrechoquent, les guerres traversent les murs. Le romancier en fait un lieu de condensation :\u00a0La Maison vide\u00a0n\u2019est pas seulement une b\u00e2tisse abandonn\u00e9e, mais la m\u00e9taphore de l\u2019\u00e9criture elle-m\u00eame, ce r\u00e9ceptacle qu\u2019il faut habiter, combler, r\u00e9inventer.<\/p>\n<p>Tout part d\u2019une photographie ab\u00eem\u00e9e, d\u2019un visage lac\u00e9r\u00e9 : Marguerite, la grand-m\u00e8re tondue \u00e0 la Lib\u00e9ration. \u00c0 partir de cette b\u00e9ance, Laurent Mauvignier reconstruit le fil d\u2019un roman familial. La lign\u00e9e d\u00e9ploie ses figures : Marie-Ernestine, pianiste emp\u00each\u00e9e, recluse apr\u00e8s son mariage impos\u00e9 ; Jules, le mari sacrifi\u00e9 aux tranch\u00e9es ; Marguerite, rebelle, amante, humili\u00e9e ; puis, en aval, le p\u00e8re de l\u2019auteur, qui finit par se suicider en 1983.<\/p>\n<p>L\u2019enjeu du r\u00e9cit est l\u00e0 : comprendre d\u2019o\u00f9 vient la blessure, comment elle se transmet. Comme l\u2019\u00e9crit Laurent Mauvignier :<\/p>\n<blockquote class=\"wp-block-quote is-layout-flow wp-block-quote-is-layout-flow\">\n<p>\u00ab On ne sait jamais o\u00f9 commence la blessure : peut-\u00eatre dans un geste qu\u2019on n\u2019a pas vu, une phrase qu\u2019on n\u2019a pas entendue, et qui pourtant traverse les g\u00e9n\u00e9rations comme une lame invisible. \u00bb<\/p>\n<\/blockquote>\n<p>L\u00e0 r\u00e9side la force stylistique de Laurent Mauvignier : l\u2019\u00e9criture avance par ressassements, par reprises infimes, comme si chaque mot tentait de cerner l\u2019invisible. Ses phrases, longues, sinueuses, traquent les interstices du temps, la crispation d\u2019un visage, l\u2019\u00e9clat d\u2019un piano B\u00f6sendorfer couvert de poussi\u00e8re.<\/p>\n<blockquote class=\"wp-block-quote is-layout-flow wp-block-quote-is-layout-flow\">\n<p>\u00ab Et c\u2019est ainsi qu\u2019\u00e0 force de regarder la poussi\u00e8re sur le clavier, de voir ses doigts immobiles au-dessus des touches, de l\u2019imaginer encore et encore jouer cette musique qu\u2019on lui avait refus\u00e9e, je comprenais que le silence de ma grand-m\u00e8re n\u2019\u00e9tait pas l\u2019absence d\u2019une voix mais le poids \u00e9crasant de toutes celles qu\u2019elle n\u2019avait jamais pu laisser s\u2019\u00e9chapper. \u00bb<\/p>\n<\/blockquote>\n<p>Certains lecteurs pourraient y voir une exigence presque vertigineuse, tant la densit\u00e9 formelle et la lenteur assum\u00e9e r\u00e9clament une attention soutenue. Mais c\u2019est pr\u00e9cis\u00e9ment cette patience qui donne au texte sa puissance hypnotique et sa singularit\u00e9 : ce refus de la pr\u00e9cipitation qui permet de saisir ce qui, d\u2019ordinaire, \u00e9chappe.<\/p>\n<p>Au c\u0153ur de ce livre, il y a la voix des femmes. Elles portent l\u2019essentiel de la trag\u00e9die : Marie-Ernestine, mutil\u00e9e dans son r\u00eave de concertiste ; Marguerite, qui incarne la r\u00e9volte et la honte ; Henriette, t\u00e9moin muet. \u00c0 travers elles, Laurent Mauvignier interroge la violence des mariages impos\u00e9s, l\u2019effacement des d\u00e9sirs, la cruaut\u00e9 des h\u00e9ritages.<\/p>\n<p>Ce n\u2019est pas un hasard si la musique, motif central, surgit comme m\u00e9taphore de l\u2019\u00e9mancipation entrav\u00e9e. Le piano, interdit puis forc\u00e9, devient le symbole des existences \u00e9touff\u00e9es. Dans ces portraits de femmes ab\u00eem\u00e9es, Laurent Mauvignier rejoint une lign\u00e9e litt\u00e9raire qui va de Maupassant \u00e0 Ernaux, en passant par Brel \u2014 dont le spectre de\u00a0Ces gens-l\u00e0\u00a0semble hanter les pages.<\/p>\n<p>Le roman ne se contente pas de raconter des vies ant\u00e9rieures : il interroge le suicide du p\u00e8re de l\u2019auteur, \u00e9v\u00e9nement matriciel. Tout commence par une image mutil\u00e9e, comme une \u00e9nigme \u00e0 r\u00e9soudre :<\/p>\n<blockquote class=\"wp-block-quote is-layout-flow wp-block-quote-is-layout-flow\">\n<p>\u00ab C\u2019est devant cette photo, dont le visage a \u00e9t\u00e9 lac\u00e9r\u00e9, que tout a commenc\u00e9.<br \/>La photographie ne montre rien d\u2019autre qu\u2019une robe claire, un arri\u00e8re-plan indistinct, une jeune femme qui aurait pu sourire. Mais il manque le visage. On a gratt\u00e9, on a ray\u00e9, on a fait dispara\u00eetre. Alors je me suis demand\u00e9 : qui a tenu la lame ? \u00c9tait-ce la main de la honte, la main de la col\u00e8re, ou celle de l\u2019oubli ?<br \/>C\u2019est \u00e0 partir de ce vide que j\u2019ai voulu r\u00e9\u00e9crire la vie de Marguerite, et derri\u00e8re elle, celles de tous les autres. Car la maison, elle aussi, est un visage effac\u00e9. Et le roman n\u2019est rien d\u2019autre que la tentative de lui rendre ses traits. \u00bb<\/p>\n<\/blockquote>\n<p>La d\u00e9marche a parfois \u00e9t\u00e9 jug\u00e9e p\u00e9rilleuse \u2014 on sait combien l\u2019autofiction peut susciter le soup\u00e7on d\u2019un trop grand rabattement sur soi. Mais Laurent Mauvignier \u00e9chappe \u00e0 ce travers en inscrivant son exp\u00e9rience dans une fresque collective : ses anc\u00eatres, leurs guerres, leurs humiliations, deviennent des figures universelles.<\/p>\n<p>En derni\u00e8re instance,\u00a0La Maison vide\u00a0est une tentative de sauver de l\u2019oubli. Laurent Mauvignier ne cherche pas seulement \u00e0 restituer le pass\u00e9 : il invente, il fabrique, il comble les blancs. C\u2019est l\u00e0 son courage et sa modernit\u00e9 : accepter que le roman familial est aussi une fiction, qu\u2019il s\u2019agit d\u2019une reconstruction toujours hypoth\u00e9tique.<\/p>\n<p>Ce geste d\u2019\u00e9criture est aussi une r\u00e9ponse au suicide du p\u00e8re : r\u00e9inscrire ce geste dans une histoire, lui donner une place, plut\u00f4t que de le laisser comme une faille muette. Le roman se fait tombeau et r\u00e9demption, offrande et expiation.<\/p>\n<p>Par son ampleur, par sa densit\u00e9, par la justesse de son style,\u00a0La Maison vide\u00a0se situe dans la continuit\u00e9 des grands romans europ\u00e9ens de la m\u00e9moire familiale, aux c\u00f4t\u00e9s de Sebald ou de Pierre Bergounioux. On pourrait objecter que son ampleur exige du lecteur une disponibilit\u00e9 rare, presque une asc\u00e8se : impossible d\u2019y entrer \u00e0 la l\u00e9g\u00e8re. Mais pour qui accepte cette travers\u00e9e, l\u2019exp\u00e9rience est celle d\u2019un roman-monde inoubliable.<\/p>\n<ul class=\"wp-block-list\">\n<li><strong>Titre<\/strong>\u00a0:\u00a0La Maison vide<\/li>\n<li><strong>Auteur<\/strong>\u00a0: Laurent Mauvignier<\/li>\n<li><strong>\u00c9diteur<\/strong>\u00a0: Les \u00c9ditions de Minuit<\/li>\n<li><strong>Date de parution<\/strong>\u00a0: 28 ao\u00fbt 2025<\/li>\n<li><strong>Collection<\/strong>\u00a0: Romans<\/li>\n<li><strong>Nombre de pages<\/strong>\u00a0: 752 p.<\/li>\n<li><strong>Format<\/strong>\u00a0: 14 x 20,5 cm<\/li>\n<li><strong>ISBN<\/strong>\u00a0: 978-2-7073-XXXX-X<\/li>\n<li><strong>Prix indicatif<\/strong>\u00a0: 24 \u20ac<\/li>\n<\/ul>\n","protected":false},"excerpt":{"rendered":"Avec\u00a0La Maison vide Laurent Mauvignier accomplit un geste litt\u00e9raire d\u2019une rare ampleur : plus de 700 pages pour&hellip;\n","protected":false},"author":2,"featured_media":362732,"comment_status":"","ping_status":"","sticky":false,"template":"","format":"standard","meta":{"footnotes":""},"categories":[1357],"tags":[1379,58,59,1011,27,1380],"class_list":{"0":"post-362731","1":"post","2":"type-post","3":"status-publish","4":"format-standard","5":"has-post-thumbnail","7":"category-livres","8":"tag-books","9":"tag-divertissement","10":"tag-entertainment","11":"tag-fr","12":"tag-france","13":"tag-livres"},"share_on_mastodon":{"url":"https:\/\/pubeurope.com\/@fr\/115139236956209229","error":""},"_links":{"self":[{"href":"https:\/\/www.europesays.com\/fr\/wp-json\/wp\/v2\/posts\/362731","targetHints":{"allow":["GET"]}}],"collection":[{"href":"https:\/\/www.europesays.com\/fr\/wp-json\/wp\/v2\/posts"}],"about":[{"href":"https:\/\/www.europesays.com\/fr\/wp-json\/wp\/v2\/types\/post"}],"author":[{"embeddable":true,"href":"https:\/\/www.europesays.com\/fr\/wp-json\/wp\/v2\/users\/2"}],"replies":[{"embeddable":true,"href":"https:\/\/www.europesays.com\/fr\/wp-json\/wp\/v2\/comments?post=362731"}],"version-history":[{"count":0,"href":"https:\/\/www.europesays.com\/fr\/wp-json\/wp\/v2\/posts\/362731\/revisions"}],"wp:featuredmedia":[{"embeddable":true,"href":"https:\/\/www.europesays.com\/fr\/wp-json\/wp\/v2\/media\/362732"}],"wp:attachment":[{"href":"https:\/\/www.europesays.com\/fr\/wp-json\/wp\/v2\/media?parent=362731"}],"wp:term":[{"taxonomy":"category","embeddable":true,"href":"https:\/\/www.europesays.com\/fr\/wp-json\/wp\/v2\/categories?post=362731"},{"taxonomy":"post_tag","embeddable":true,"href":"https:\/\/www.europesays.com\/fr\/wp-json\/wp\/v2\/tags?post=362731"}],"curies":[{"name":"wp","href":"https:\/\/api.w.org\/{rel}","templated":true}]}}