{"id":362733,"date":"2025-09-03T07:41:22","date_gmt":"2025-09-03T07:41:22","guid":{"rendered":"https:\/\/www.europesays.com\/fr\/362733\/"},"modified":"2025-09-03T07:41:22","modified_gmt":"2025-09-03T07:41:22","slug":"audiences-le-lancement-de-la-5e-saison-des-traitres-sur-m6-a-t-il-reussi-a-exister-face-a-la-stagiaire-sur-france-3","status":"publish","type":"post","link":"https:\/\/www.europesays.com\/fr\/362733\/","title":{"rendered":"Audiences : Le lancement de la 5e saison des \u00ab\u00a0Tra\u00eetres\u00a0\u00bb sur M6 a-t-il r\u00e9ussi \u00e0 exister face \u00e0 \u00ab\u00a0La stagiaire\u00a0\u00bb sur France 3 ?"},"content":{"rendered":"<p>            <img loading=\"lazy\" decoding=\"async\" src=\"https:\/\/www.europesays.com\/fr\/wp-content\/uploads\/2025\/04\/89-665d8e735540a-35x35-1.jpg\" class=\"author-article-picture\" width=\"35\" height=\"35\"\/><\/p>\n<p>                Par<br \/>\n                                    <a class=\"author-article-bio-link\" href=\"https:\/\/www.ozap.com\/auteur\/lea-stassinet_a89\" rel=\"nofollow noopener\" target=\"_blank\">L\u00e9a Stassinet<\/a><br \/>\n                                                    | Journaliste<\/p>\n<p>\n                Venue du royaume d'\u00a0\u00bbIntervilles\u00a0\u00bb (Mont-de-Marsan), L\u00e9a Stassinet a \u00e9t\u00e9 berc\u00e9e par la \u00ab\u00a0Nouvelle Star\u00a0\u00bb. Elle ne rate jamais les C\u00e9sar ni l\u2019Eurovision, synonymes de soir\u00e9e pronostics entre amis. Passionn\u00e9e de tennis et de politique, elle suit toutes les soir\u00e9es \u00e9lectorales, sauf pendant Roland-Garros.\n            <\/p>\n<p>\n    \u00ab\u00a0S.W.A.T\u00a0\u00bb, \u00ab\u00a0Laissez-vous guider\u00a0\u00bb, \u00ab\u00a0La stagiaire\u00a0\u00bb, \u00ab\u00a0Les tra\u00eetres\u00a0\u00bb&#8230; Les audiences de la soir\u00e9e du mardi 2 septembre 2025.\n<\/p>\n<p>                            <img loading=\"lazy\" decoding=\"async\" class=\"player-thumbnail\" src=\"https:\/\/www.europesays.com\/fr\/wp-content\/uploads\/2025\/09\/adc5a8fa24421746-580x326-1.jpg\" width=\"580\" height=\"326\"\/><\/p>\n<p>                    Comment sont mesur\u00e9es les audiences t\u00e9l\u00e9 ?<\/p>\n<p>La suite apr\u00e8s la publicit\u00e9<\/p>\n<p>                            <img decoding=\"async\" class=\"article-audience-img\" src=\"https:\/\/www.europesays.com\/fr\/wp-content\/uploads\/2025\/04\/3.jpg\" alt=\"France 3\"\/><\/p>\n<p>\n                    LA STAGIAIRE \\ LA MORT ET SON DOUBLE<br \/>\n                    SERIE\n                <\/p>\n<p>\n                    3 859 000 t\u00e9l\u00e9spectateurs\n                <\/p>\n<p>                            <img decoding=\"async\" class=\"article-audience-img\" src=\"https:\/\/www.europesays.com\/fr\/wp-content\/uploads\/2025\/04\/1.jpg\" alt=\"TF1\"\/><\/p>\n<p>\n                    S.W.A.T. \\ FIN DE SERVICE<br \/>\n                    SERIE\n                <\/p>\n<p>\n                    2 186 000 t\u00e9l\u00e9spectateurs\n                <\/p>\n<p>                            <img decoding=\"async\" class=\"article-audience-img\" src=\"https:\/\/www.europesays.com\/fr\/wp-content\/uploads\/2025\/04\/2.jpg\" alt=\"France 2\"\/><\/p>\n<p>\n                    LAISSEZ-VOUS GUIDER<br \/>\n                    MAGAZINE\n                <\/p>\n<p>\n                    1 570 000 t\u00e9l\u00e9spectateurs\n                <\/p>\n<p>                            <img decoding=\"async\" class=\"article-audience-img\" src=\"https:\/\/www.europesays.com\/fr\/wp-content\/uploads\/2025\/04\/6.jpg\" alt=\"M6\"\/><\/p>\n<p>\n                    LES TRAITRES : SERONT-ILS DEMASQUES ?<br \/>\n                    JEU\n                <\/p>\n<p>\n                    1 588 000 t\u00e9l\u00e9spectateurs\n                <\/p>\n<p>                            <img decoding=\"async\" class=\"article-audience-img\" src=\"https:\/\/www.europesays.com\/fr\/wp-content\/uploads\/2025\/04\/336.jpg\" alt=\"W9\"\/><\/p>\n<p>\n                    PEARL HARBOR<br \/>\n                    FILM\n                <\/p>\n<p>\n                    669 000 t\u00e9l\u00e9spectateurs\n                <\/p>\n<p>    M\u00e9diam\u00e9trie &#8211; M\u00e9diamat ; reproduction interdite, tous droits r\u00e9serv\u00e9s par M\u00e9diam\u00e9trie<\/p>\n<p>Mich\u00e8le Bernier reine des mardis soirs. Le deuxi\u00e8me \u00e9pisode de la saison 10 in\u00e9dite de \u00ab\u00a0La stagiaire\u00a0\u00bb, s\u00e9rie dans laquelle elle tient le r\u00f4le principal sur France 2, s&rsquo;est class\u00e9 en t\u00eate des audiences hier. Intitul\u00e9 \u00ab\u00a0La mort et son double\u00a0\u00bb, il a tenu en haleine <strong>3,86 millions<\/strong> de t\u00e9l\u00e9spectateurs entre 21h09 et 21h57. Cela \u00e9quivaut \u00e0<strong> 21,1%<\/strong> du public pr\u00e9sent devant sa t\u00e9l\u00e9vision et<strong> 4,8% <\/strong>des Femmes responsables des achats \u00e2g\u00e9es de moins de 50 ans (FRDA-50), cible non privil\u00e9gi\u00e9e par la Trois. Le deuxi\u00e8me \u00e9pisode, une rediffusion de la saison 9, a conserv\u00e9 l&rsquo;attention de <strong>2,55 millions<\/strong> de fans, soit <strong>16,7%<\/strong> du public et <strong>3,0% <\/strong>des FRDA-50. Mardi dernier, le lancement de la saison 10 de la fiction polici\u00e8re dans laquelle on retrouve aussi Antoine Hamel et Philippe Leli\u00e8vre avait attir\u00e9 pas moins de <a href=\"https:\/\/www.ozap.com\/actu\/audiences-le-lancement-de-la-saison-10-de-la-stagiaire-avec-michele-bernier-sur-france-3-ecrase-tout-son-sur-passage-flop-pour-la-soiree-de-france-2\/651330\" rel=\"nofollow noopener\" target=\"_blank\">4,50 millions<\/a> de t\u00e9l\u00e9spectateurs, soit 26,5% du public \u00e2g\u00e9 de quatre ans et plus (4+) et 7,4% des FRDA-50.<\/p>\n<p>Plus faible lancement historique pour \u00ab\u00a0Les Tra\u00eetres\u00a0\u00bb sur M6<\/p>\n<p>TF1 suit avec trois \u00e9pisodes in\u00e9dits de <a href=\"https:\/\/www.ozap.com\/actu\/swat-deux-acteurs-emblematiques-vont-quitter-la-serie-avec-shemar-moore-cette-saison\/651245\" rel=\"nofollow noopener\" target=\"_blank\">sa s\u00e9rie \u00ab\u00a0S.W.A.T\u00a0\u00bb<\/a>. Les deux premiers de la soir\u00e9e, qui a vu <a href=\"https:\/\/www.ozap.com\/actu\/Ca-m-a-fait-mal-kenny-johnson-l-officier-dominique-luca-se-confie-sur-son-depart-de-s-w-a-t-apres-7-saisons-et-130-episodes\/651237\" rel=\"nofollow noopener\" target=\"_blank\">le d\u00e9part de Kenny Johnson<\/a> (l&rsquo;officier Dominique Luca), ont captiv\u00e9 en moyenne <strong>2,00 millions<\/strong> de t\u00e9l\u00e9spectateurs. <strong>12,2%<\/strong> des individus \u00e2g\u00e9s de 4 ans et plus et <strong>17,0%<\/strong> des FRDA-50 ont suivi avec int\u00e9r\u00eat les aventures de Shemar Moore et ses co\u00e9quipiers. La semaine derni\u00e8re, ils \u00e9taient 2,10 millions de fid\u00e8les devant la s\u00e9rie polici\u00e8re am\u00e9ricaine, ce qui repr\u00e9sentait 13,9% du public \u00e2g\u00e9 de 4 ans et plus et 20,4% des FRDA-50.<\/p>\n<p>M6 lan\u00e7ait de son c\u00f4t\u00e9 <a href=\"https:\/\/www.ozap.com\/actu\/les-traitres-date-de-diffusion-candidats-nouvelles-regles-tout-ce-quil-faut-savoir-sur-la-saison-5\/651159\" rel=\"nofollow noopener\" target=\"_blank\">la 5e saison des \u00ab\u00a0Tra\u00eetres\u00a0\u00bb<\/a>, son jeu anim\u00e9 par \u00c9ric Antoine, seulement quatre mois apr\u00e8s le d\u00e9nouement de la saison 4, remport\u00e9e par Adil Rami. La premi\u00e8re partie du divertissement dans lequel ont accept\u00e9 de participer Marl\u00e8ne Schiappa, Camille Cerf ou encore <a href=\"https:\/\/www.ozap.com\/actu\/si-c-etait-a-refaire-je-ne-le-referais-pas-raymond-domenech-confie-ne-pas-avoir-bien-vecu-son-aventure-dans-les-traitres-sur-m6\/651408\" rel=\"nofollow noopener\" target=\"_blank\">Raymond Domenech<\/a> a attir\u00e9 <strong>1,59 million<\/strong> de curieux. Cela repr\u00e9sente <strong>8,9%<\/strong> du public \u00e2g\u00e9 de 4 ans et plus et <strong>21,0%<\/strong> des FRDA-50, cible sur laquelle M6 est leader sur la soir\u00e9e. La deuxi\u00e8me moiti\u00e9 du programme a conserv\u00e9 l&rsquo;attention de <strong>1,37 million <\/strong>de fans du jeu dans lequel s&rsquo;affrontent tra\u00eetres et loyaux, soit <strong>11,1% <\/strong>du public et<strong> 25,7%<\/strong> des FRDA-50. Il s&rsquo;agit du plus faible lancement du programme toutes saisons confondues. Le 3 avril dernier, le lancement de la saison 4 avait rassembl\u00e9 qu&rsquo;<a href=\"https:\/\/www.ozap.com\/actu\/audiences-carton-pour-larrivee-de-flashback-avec-michael-youn-sur-tf1-plus-mauvais-lancement-historique-pour-les-traitres-saison-4-sur-m6-enorme-flop-pour-france-2\/649388\" rel=\"nofollow noopener\" target=\"_blank\">1,67 million de t\u00e9l\u00e9spectateurs<\/a> (9,1% des 4+ et 24,0% des FRDA-50) en P1 et 1,38 million en P2 (10,7% des 4+ et 23,7% des FRDA-50).<\/p>\n<p>\u00ab\u00a0Les Tra\u00eetres\u00a0\u00bb saison 5 : Qui sont les \u00ab\u00a0tra\u00eetres\u00a0\u00bb de cette nouvelle \u00e9dition du jeu de M6 ?<\/p>\n<p>France 2 est 4e avec un nouveau num\u00e9ro de \u00ab\u00a0Laissez-vous guider\u00a0\u00bb. Le magazine pr\u00e9sent\u00e9 par <a href=\"https:\/\/www.ozap.com\/personnalite\/stephane-bern_e190\" rel=\"nofollow noopener\" target=\"_blank\">St\u00e9phane Bern<\/a> et Lor\u00e0nt Deutsch, qui avait pour th\u00e8me \u00ab\u00a0Au temps des premi\u00e8res invasions vikings en France\u00a0\u00bb, a int\u00e9ress\u00e9<strong> 1,57 million <\/strong>de t\u00e9l\u00e9spectateurs entre 21h10 et 23h02. Cela correspond \u00e0<strong> 9,7%<\/strong> des individus pr\u00e9sents devant leur t\u00e9l\u00e9vision et <strong>7,2%<\/strong> des FRDA-50. Le 25 f\u00e9vrier dernier, l&rsquo;\u00e9pisode sur \u00ab\u00a0L&rsquo;\u00e2ge d&rsquo;or des pirates et des corsaires\u00a0\u00bb avait f\u00e9d\u00e9r\u00e9 <a href=\"https:\/\/www.ozap.com\/actu\/audiences-quel-score-pour-le-lancement-de-koh-lanta-2025-sur-tf1-face-au-final-de-saison-de-la-serie-a-priori-sur-france-3\/648897\" rel=\"nofollow noopener\" target=\"_blank\">1,59 million<\/a> de t\u00e9l\u00e9spectateurs, soit 8,9% des 4 ans et plus et 5,9% des FRDA-50.<\/p>\n<p>                            <img decoding=\"async\" class=\"article-audience-img\" src=\"https:\/\/www.europesays.com\/fr\/wp-content\/uploads\/2025\/04\/534.jpg\" alt=\"France 5\"\/><\/p>\n<p>\n                    LES 3 JOURS DU CONDOR<br \/>\n                    FILM\n                <\/p>\n<p>\n                    791 000 t\u00e9l\u00e9spectateurs\n                <\/p>\n<p>                            <img decoding=\"async\" class=\"article-audience-img\" src=\"https:\/\/www.europesays.com\/fr\/wp-content\/uploads\/2025\/04\/533.jpg\" alt=\"Arte\"\/><\/p>\n<p>\n                    LES EMPOISONNEURS DE POUTINE<br \/>\n                    DOCUMENTAIRE\n                <\/p>\n<p>\n                    653 000 t\u00e9l\u00e9spectateurs\n                <\/p>\n<p>                            <img decoding=\"async\" class=\"article-audience-img\" src=\"https:\/\/www.europesays.com\/fr\/wp-content\/uploads\/2025\/04\/43.jpg\" alt=\"TFX\"\/><\/p>\n<p>\n                    BASKET CHAMPIONNAT D&rsquo;EUROPE \\ FRANCE &#8211; POLOGNE<br \/>\n                    SPORT\n                <\/p>\n<p>\n                    626 000 t\u00e9l\u00e9spectateurs\n                <\/p>\n<p>                            <img decoding=\"async\" class=\"article-audience-img\" src=\"https:\/\/www.europesays.com\/fr\/wp-content\/uploads\/2025\/04\/13.jpg\" alt=\"TMC\"\/><\/p>\n<p>\n                    90&prime; ENQUETES \\ CAMPINGS GEANTS, BAGARRES ET CHAUFFARDS<br \/>\n                    MAGAZINE\n                <\/p>\n<p>\n                    560 000 t\u00e9l\u00e9spectateurs\n                <\/p>\n<p>                            <img decoding=\"async\" class=\"article-audience-img\" src=\"https:\/\/www.europesays.com\/fr\/wp-content\/uploads\/2025\/04\/725.jpg\" alt=\"6ter\"\/><\/p>\n<p>\n                    AVANT TOI<br \/>\n                    FILM\n                <\/p>\n<p>\n                    510 000 t\u00e9l\u00e9spectateurs\n                <\/p>\n<p>                            <img decoding=\"async\" class=\"article-audience-img\" src=\"https:\/\/www.europesays.com\/fr\/wp-content\/uploads\/2025\/04\/723.jpg\" alt=\"TF1 Series Film\"\/><\/p>\n<p>\n                    CAMPING PARADIS : LES ENFANTS D&rsquo;ABORD \\ 1ERE  PARTIE<br \/>\n                    TELEFILM\n                <\/p>\n<p>\n                    367 000 t\u00e9l\u00e9spectateurs\n                <\/p>\n<p>                            <img decoding=\"async\" class=\"article-audience-img\" src=\"https:\/\/www.europesays.com\/fr\/wp-content\/uploads\/2025\/04\/499.jpg\" alt=\"CSTAR\"\/><\/p>\n<p>\n                    LA FOLIE DU CAMPING-CAR : DES VACANCES PAS COMME LES AUTRES<br \/>\n                    DOCUMENTAIRE\n                <\/p>\n<p>\n                    282 000 t\u00e9l\u00e9spectateurs\n                <\/p>\n<p>                            <img decoding=\"async\" class=\"article-audience-img\" src=\"https:\/\/www.europesays.com\/fr\/wp-content\/uploads\/2025\/04\/727.jpg\" alt=\"RMC D\u00e9couverte\"\/><\/p>\n<p>\n                    LES ROUTIERS : PROFESSION CHAUFFEUR POIDS LOURD \\ CAP NORD CAP SUD &#8211; PARTIE 1<br \/>\n                    DOCUMENTAIRE\n                <\/p>\n<p>\n                    257 000 t\u00e9l\u00e9spectateurs\n                <\/p>\n<p>                            <img decoding=\"async\" class=\"article-audience-img\" src=\"https:\/\/www.europesays.com\/fr\/wp-content\/uploads\/2025\/04\/726.jpg\" alt=\"RMC Story\"\/><\/p>\n<p>\n                    TITANIC : DANS LES SECRETS D&rsquo;UN FILM CULTE<br \/>\n                    DOCUMENTAIRE\n                <\/p>\n<p>\n                    218 000 t\u00e9l\u00e9spectateurs\n                <\/p>\n<p>                            <img decoding=\"async\" class=\"article-audience-img\" src=\"https:\/\/www.europesays.com\/fr\/wp-content\/uploads\/2025\/04\/532.jpg\" alt=\"Gulli\"\/><\/p>\n<p>\n                    MINA, MISSION REBELLE<br \/>\n                    TELEFILM\n                <\/p>\n<p>\n                    136 000 t\u00e9l\u00e9spectateurs\n                <\/p>\n<p>                            <img decoding=\"async\" class=\"article-audience-img\" src=\"https:\/\/www.europesays.com\/fr\/wp-content\/uploads\/2025\/04\/728.jpg\" alt=\"Ch\u00e9rie 25\"\/><\/p>\n<p>\n                    SNAPPED : LES FEMMES TUEUSES<br \/>\n                    MAGAZINE\n                <\/p>\n<p>\n                    151 000 t\u00e9l\u00e9spectateurs\n                <\/p>\n<p>                            <img decoding=\"async\" class=\"article-audience-img\" src=\"https:\/\/www.europesays.com\/fr\/wp-content\/uploads\/2025\/04\/4.jpg\" alt=\"Canal+\"\/><\/p>\n<p>\n                    EMISSIONS CRYPTEES<br \/>\n                    AUTRES\n                <\/p>\n<p>\n                    35 000 t\u00e9l\u00e9spectateurs\n                <\/p>\n<p>    M\u00e9diam\u00e9trie &#8211; M\u00e9diamat ; reproduction interdite, tous droits r\u00e9serv\u00e9s par M\u00e9diam\u00e9trie<\/p>\n<p>Dans le reste de l&rsquo;offre en prime, France 5 proposait un classique du cin\u00e9ma policier : \u00ab\u00a0Les trois jours du Condor\u00a0\u00bb. Le film d&rsquo;espionnage sign\u00e9 Sydney Pollack avec Robert Redford et Faye Dunaway dans les r\u00f4les principaux, a captiv\u00e9 entre 21h et 23h <strong>791.000 <\/strong>t\u00e9l\u00e9spectateurs, soit <strong>4,8%<\/strong> du public \u00e2g\u00e9 de 4 ans et plus et <strong>0,9%<\/strong> des FRDA-50. TFX diffusait quant \u00e0 elle, de 20h30 \u00e0 22h45 le match de poule de l&rsquo;Euro de basket opposant la France \u00e0 la Pologne, pays h\u00f4te de la comp\u00e9tition. La victoire des hommes de Fr\u00e9d\u00e9ric Fauthoux a \u00e9t\u00e9 suivie par <strong>626.000<\/strong> aficionados, soit <strong>3,6%<\/strong> du public et<strong> 5,0%<\/strong> des FRDA-50.<\/p>\n<p>        <img decoding=\"async\" class=\"thumb-img-100 thumb-img\" src=\"https:\/\/www.europesays.com\/fr\/wp-content\/uploads\/2025\/09\/cd4b22d1bce52058-320x180-1.jpg\" alt=\"Enceinte lors du tournage, Marl\u00e8ne Schiappa explique pourquoi elle a &quot;cach\u00e9 sa grossesse&quot; aux candidats des &quot;Tra\u00eetres&quot; saison 5\" width=\"320\" height=\"180\" loading=\"lazy\" role=\"presentation\"\/><\/p>\n<p>                                            Enceinte lors du tournage, Marl\u00e8ne Schiappa explique pourquoi elle a \u00ab\u00a0cach\u00e9 sa grossesse\u00a0\u00bb aux candidats des \u00ab\u00a0Tra\u00eetres\u00a0\u00bb saison 5<\/p>\n<p>        <img decoding=\"async\" class=\"thumb-img-100 thumb-img\" src=\"https:\/\/www.europesays.com\/fr\/wp-content\/uploads\/2025\/09\/24f005c81479110f-320x180-1.jpg\" alt=\"&quot;Elle va nous offrir un spectacle&quot; : Pourquoi Anne-\u00c9lisabeth Blateau a \u00e9t\u00e9 choisie comme &quot;tra\u00eetre&quot; par la production du jeu de M6\" width=\"320\" height=\"180\" loading=\"lazy\" role=\"presentation\"\/><\/p>\n<p>                                            \u00ab\u00a0Elle va nous offrir un spectacle\u00a0\u00bb : Pourquoi Anne-\u00c9lisabeth Blateau a \u00e9t\u00e9 choisie comme \u00ab\u00a0tra\u00eetre\u00a0\u00bb par la production du jeu de M6<\/p>\n<p>        <img decoding=\"async\" class=\"thumb-img-100 thumb-img\" src=\"https:\/\/www.europesays.com\/fr\/wp-content\/uploads\/2025\/09\/293dc7a5e7d5d696-320x180-1.jpg\" alt=\"&quot;Les Tra\u00eetres&quot; : Voici les 16 c\u00e9l\u00e9brit\u00e9s de la saison 5\" width=\"320\" height=\"180\" loading=\"lazy\" role=\"presentation\"\/><\/p>\n<p>                                            \u00ab\u00a0Les Tra\u00eetres\u00a0\u00bb : Voici les 16 c\u00e9l\u00e9brit\u00e9s de la saison 5<\/p>\n","protected":false},"excerpt":{"rendered":"Par L\u00e9a Stassinet | Journaliste Venue du royaume d&rsquo;\u00a0\u00bbIntervilles\u00a0\u00bb (Mont-de-Marsan), L\u00e9a Stassinet a \u00e9t\u00e9 berc\u00e9e par la \u00ab\u00a0Nouvelle&hellip;\n","protected":false},"author":2,"featured_media":362734,"comment_status":"","ping_status":"","sticky":false,"template":"","format":"standard","meta":{"footnotes":""},"categories":[1356],"tags":[58,59,1011,27,252,1364],"class_list":{"0":"post-362733","1":"post","2":"type-post","3":"status-publish","4":"format-standard","5":"has-post-thumbnail","7":"category-television","8":"tag-divertissement","9":"tag-entertainment","10":"tag-fr","11":"tag-france","12":"tag-television","13":"tag-tv"},"share_on_mastodon":{"url":"https:\/\/pubeurope.com\/@fr\/115139241147166851","error":""},"_links":{"self":[{"href":"https:\/\/www.europesays.com\/fr\/wp-json\/wp\/v2\/posts\/362733","targetHints":{"allow":["GET"]}}],"collection":[{"href":"https:\/\/www.europesays.com\/fr\/wp-json\/wp\/v2\/posts"}],"about":[{"href":"https:\/\/www.europesays.com\/fr\/wp-json\/wp\/v2\/types\/post"}],"author":[{"embeddable":true,"href":"https:\/\/www.europesays.com\/fr\/wp-json\/wp\/v2\/users\/2"}],"replies":[{"embeddable":true,"href":"https:\/\/www.europesays.com\/fr\/wp-json\/wp\/v2\/comments?post=362733"}],"version-history":[{"count":0,"href":"https:\/\/www.europesays.com\/fr\/wp-json\/wp\/v2\/posts\/362733\/revisions"}],"wp:featuredmedia":[{"embeddable":true,"href":"https:\/\/www.europesays.com\/fr\/wp-json\/wp\/v2\/media\/362734"}],"wp:attachment":[{"href":"https:\/\/www.europesays.com\/fr\/wp-json\/wp\/v2\/media?parent=362733"}],"wp:term":[{"taxonomy":"category","embeddable":true,"href":"https:\/\/www.europesays.com\/fr\/wp-json\/wp\/v2\/categories?post=362733"},{"taxonomy":"post_tag","embeddable":true,"href":"https:\/\/www.europesays.com\/fr\/wp-json\/wp\/v2\/tags?post=362733"}],"curies":[{"name":"wp","href":"https:\/\/api.w.org\/{rel}","templated":true}]}}