{"id":362735,"date":"2025-09-03T07:42:10","date_gmt":"2025-09-03T07:42:10","guid":{"rendered":"https:\/\/www.europesays.com\/fr\/362735\/"},"modified":"2025-09-03T07:42:10","modified_gmt":"2025-09-03T07:42:10","slug":"la-rappeuse-cardi-b-acquittee-a-son-proces-pour-agression","status":"publish","type":"post","link":"https:\/\/www.europesays.com\/fr\/362735\/","title":{"rendered":"La rappeuse Cardi B acquitt\u00e9e \u00e0 son proc\u00e8s pour agression"},"content":{"rendered":"<p>L\u2019artiste am\u00e9ricaine \u00e9tait accus\u00e9e par une agente de s\u00e9curit\u00e9 qui lui r\u00e9clamait 24 millions de dollars de d\u00e9dommagement pour une agression remontant \u00e0 f\u00e9vrier 2018.<\/p>\n<p class=\"fig-paragraph\">L\u2019affaire est derri\u00e8re elle. La rappeuse am\u00e9ricaine\u00a0<a href=\"https:\/\/www.lefigaro.fr\/tag\/cardi-b\" target=\"_blank\" rel=\"nofollow noopener\" data-gtm-custom-categorie=\"navigation\" data-gtm-custom-action=\"crossclick\" data-gtm-custom-label=\"Contextuel\" data-gtm-event=\"customEventSPE\">Cardi B<\/a>, poursuivie au civil par une agente de s\u00e9curit\u00e9 qui l&rsquo;accusait de l&rsquo;avoir agress\u00e9e et lui r\u00e9clamait des millions, a \u00e9t\u00e9 acquitt\u00e9e mardi par un tribunal de Californie.<\/p>\n<p class=\"fig-paragraph\">L&rsquo;artiste a aussit\u00f4t remerci\u00e9 ses soutiens \u00e0 la sortie du tribunal d&rsquo;Alhambra, pr\u00e8s de Los Angeles. \u00abJe jure devant Dieu, je le dirai sur mon lit de mort, je n&rsquo;ai pas touch\u00e9 cette femme\u00bb, a-t-elle insist\u00e9. \u00abJe n&rsquo;ai pas pos\u00e9 les mains sur cette fille.\u00bb<\/p>\n<p>                                    <a class=\"fig-a11y-skip a11y-hidden\" href=\"#fig-a11y-skip-main-inarticle\"><br \/>\n        Passer la publicit\u00e9<br \/>\n    <\/a><\/p>\n<p class=\"fig-paragraph\">L&rsquo;interpr\u00e8te de Money et Bodak Yellow \u00e9tait accus\u00e9e par Emani Ellis, une agente de s\u00e9curit\u00e9 qui lui r\u00e9clamait 24 millions de dollars de d\u00e9dommagement pour une agression remontant \u00e0 f\u00e9vrier 2018. La plaignante, qui travaillait pour un cabinet de gyn\u00e9cologie de Beverly Hills, accusait Cardi B de lui avoir crach\u00e9 dessus et griff\u00e9 le visage avec ses ongles longs.<\/p>\n<p>\u00abJe vais contre-attaquer\u00bb<\/p>\n<p class=\"fig-paragraph\">Lors du proc\u00e8s, la rappeuse a au contraire soutenu que c&rsquo;\u00e9tait l&rsquo;agente de s\u00e9curit\u00e9 qui l&rsquo;avait approch\u00e9 de mani\u00e8re agressive, en essayant de la filmer avec son t\u00e9l\u00e9phone lors d&rsquo;une visite m\u00e9dicale, alors qu&rsquo;elle \u00e9tait enceinte et que sa grossesse n&rsquo;avait \u00e0 l&rsquo;\u00e9poque pas \u00e9t\u00e9 rendue publique. Selon sa d\u00e9fense, Emani Ellis a tent\u00e9 d&rsquo;intimider la rappeuse, ce qui a donn\u00e9 lieu \u00e0 un face-\u00e0-face houleux ponctu\u00e9 d&rsquo;injures, avant que le personnel m\u00e9dical du cabinet n&rsquo;intervienne.<\/p>\n<p class=\"fig-paragraph\">Le tribunal civil charg\u00e9 de trancher l&rsquo;affaire a innocent\u00e9 l&rsquo;artiste de 32 ans, titulaire d&rsquo;un Grammy Award, l\u2019\u00e9quivalent d&rsquo;un Oscar pour la musique am\u00e9ricaine.<\/p>\n<p class=\"fig-paragraph\">\u00abLa prochaine personne qui essaiera d&rsquo;intenter un proc\u00e8s frivole contre moi, je vais contre-attaquer et je vais vous faire payer. Parce que ce n&rsquo;est pas acceptable\u00bb, a pr\u00e9venu Cardi B \u00e0 la sortie du tribunal. \u00abNe pensez jamais que vous allez me poursuivre en justice et que je vais accepter un r\u00e8glement \u00e0 l&rsquo;amiable et vous donner de l&rsquo;argent\u00bb, a-t-elle ajout\u00e9.<\/p>\n","protected":false},"excerpt":{"rendered":"L\u2019artiste am\u00e9ricaine \u00e9tait accus\u00e9e par une agente de s\u00e9curit\u00e9 qui lui r\u00e9clamait 24 millions de dollars de d\u00e9dommagement&hellip;\n","protected":false},"author":2,"featured_media":362736,"comment_status":"","ping_status":"","sticky":false,"template":"","format":"standard","meta":{"footnotes":""},"categories":[1355],"tags":[33768,58,59,1011,27,1361,873,2694],"class_list":{"0":"post-362735","1":"post","2":"type-post","3":"status-publish","4":"format-standard","5":"has-post-thumbnail","7":"category-musique","8":"tag-cardi-b","9":"tag-divertissement","10":"tag-entertainment","11":"tag-fr","12":"tag-france","13":"tag-music","14":"tag-musique","15":"tag-proces"},"share_on_mastodon":{"url":"https:\/\/pubeurope.com\/@fr\/115139244561637691","error":""},"_links":{"self":[{"href":"https:\/\/www.europesays.com\/fr\/wp-json\/wp\/v2\/posts\/362735","targetHints":{"allow":["GET"]}}],"collection":[{"href":"https:\/\/www.europesays.com\/fr\/wp-json\/wp\/v2\/posts"}],"about":[{"href":"https:\/\/www.europesays.com\/fr\/wp-json\/wp\/v2\/types\/post"}],"author":[{"embeddable":true,"href":"https:\/\/www.europesays.com\/fr\/wp-json\/wp\/v2\/users\/2"}],"replies":[{"embeddable":true,"href":"https:\/\/www.europesays.com\/fr\/wp-json\/wp\/v2\/comments?post=362735"}],"version-history":[{"count":0,"href":"https:\/\/www.europesays.com\/fr\/wp-json\/wp\/v2\/posts\/362735\/revisions"}],"wp:featuredmedia":[{"embeddable":true,"href":"https:\/\/www.europesays.com\/fr\/wp-json\/wp\/v2\/media\/362736"}],"wp:attachment":[{"href":"https:\/\/www.europesays.com\/fr\/wp-json\/wp\/v2\/media?parent=362735"}],"wp:term":[{"taxonomy":"category","embeddable":true,"href":"https:\/\/www.europesays.com\/fr\/wp-json\/wp\/v2\/categories?post=362735"},{"taxonomy":"post_tag","embeddable":true,"href":"https:\/\/www.europesays.com\/fr\/wp-json\/wp\/v2\/tags?post=362735"}],"curies":[{"name":"wp","href":"https:\/\/api.w.org\/{rel}","templated":true}]}}