{"id":362740,"date":"2025-09-03T07:45:13","date_gmt":"2025-09-03T07:45:13","guid":{"rendered":"https:\/\/www.europesays.com\/fr\/362740\/"},"modified":"2025-09-03T07:45:13","modified_gmt":"2025-09-03T07:45:13","slug":"losc-jean-pierre-papin-se-livre-sur-larrivee-de-chancel-mbemba","status":"publish","type":"post","link":"https:\/\/www.europesays.com\/fr\/362740\/","title":{"rendered":"LOSC : Jean-Pierre Papin se livre sur l&rsquo;arriv\u00e9e de Chancel Mbemba"},"content":{"rendered":"<p><strong>Entra\u00eeneur de Chancel Mbemba la saison derni\u00e8re en r\u00e9serve de l\u2019OM, Jean-Pierre Papin pense que le LOSC a r\u00e9alis\u00e9 un joli coup avec le d\u00e9fenseur congolais.<\/strong><\/p>\n<p>Hier, le <a href=\"https:\/\/www.butfootballclub.fr\/616748-losc-mercato-une-9e-recrue-a-lille-en-attendant-mbemba\/\" rel=\"noopener\" target=\"_blank\">LOSC<\/a> a officialis\u00e9 le recrutement de <a href=\"http:\/\/ge\">Chancel Mbemba<\/a> pour un an. Le d\u00e9fenseur congolais a accept\u00e9 une baisse significative de son salaire (de 300.000\u20ac \u00e0 200.000\u20ac brut mensuels) par rapport \u00e0 l\u2019OM, o\u00f9 il rest\u00e9 un an sans jouer. Une sanction pour ne pas avoir accept\u00e9 de quitter le club \u00e0 l\u2019\u00e9t\u00e9 2024. L\u2019Equipe a contact\u00e9 son entra\u00eeneur en r\u00e9serve marseillaise, Jean-Pierre Papin, pour avoir son ressenti sur le niveau de Mbemba. Bonne nouvelle, le Ballon d\u2019Or 1991 pense que le d\u00e9fenseur sera rapidement \u00e0 son meilleur niveau !<\/p>\n<p>\u00ab\u00a0Je ne me fais pas de souci\u00a0\u00bb<\/p>\n<p>\u00ab\u00a0Le LOSC fait un super coup, je suis vraiment content pour Chancel. Au-del\u00e0 du joueur de premier plan qu\u2019il est, c\u2019est un mec adorable, hyper professionnel, qui parle peu mais qui s\u2019est toujours entra\u00een\u00e9 \u00e0 100%, m\u00eame avec les jeunes. C\u2019\u00e9tait un r\u00e9gal avec nous.\u00a0\u00bb<\/p>\n<p>\u00ab\u00a0Je ne l\u2019ai pas vu depuis le mois de mai, mais il \u00e9tait tr\u00e8s bien physiquement et, connaissant le personnage, il s\u2019est entra\u00een\u00e9 comme un fou et n\u2019a rien l\u00e2ch\u00e9 cet \u00e9t\u00e9. Il aura besoin d\u2019un petit temps d\u2019adaptation, du rythme de la comp\u00e9tition, mais je ne me fais pas de souci. C\u2019est une excellente id\u00e9e de lui confier un r\u00f4le de grand fr\u00e8re qui lui va bien. Il adore \u00e9changer avec les jeunes et m\u00eame les tr\u00e8s jeunes.\u00a0\u00bb<\/p>\n","protected":false},"excerpt":{"rendered":"Entra\u00eeneur de Chancel Mbemba la saison derni\u00e8re en r\u00e9serve de l\u2019OM, Jean-Pierre Papin pense que le LOSC a&hellip;\n","protected":false},"author":2,"featured_media":362741,"comment_status":"","ping_status":"","sticky":false,"template":"","format":"standard","meta":{"footnotes":""},"categories":[9],"tags":[11,448,63,1011,27,66,3388,12,60,10662],"class_list":{"0":"post-362740","1":"post","2":"type-post","3":"status-publish","4":"format-standard","5":"has-post-thumbnail","7":"category-sports","8":"tag-actualites","9":"tag-champions-league","10":"tag-football","11":"tag-fr","12":"tag-france","13":"tag-ligue-1","14":"tag-matchs","15":"tag-news","16":"tag-sports","17":"tag-transferts"},"share_on_mastodon":{"url":"https:\/\/pubeurope.com\/@fr\/115139256384563018","error":""},"_links":{"self":[{"href":"https:\/\/www.europesays.com\/fr\/wp-json\/wp\/v2\/posts\/362740","targetHints":{"allow":["GET"]}}],"collection":[{"href":"https:\/\/www.europesays.com\/fr\/wp-json\/wp\/v2\/posts"}],"about":[{"href":"https:\/\/www.europesays.com\/fr\/wp-json\/wp\/v2\/types\/post"}],"author":[{"embeddable":true,"href":"https:\/\/www.europesays.com\/fr\/wp-json\/wp\/v2\/users\/2"}],"replies":[{"embeddable":true,"href":"https:\/\/www.europesays.com\/fr\/wp-json\/wp\/v2\/comments?post=362740"}],"version-history":[{"count":0,"href":"https:\/\/www.europesays.com\/fr\/wp-json\/wp\/v2\/posts\/362740\/revisions"}],"wp:featuredmedia":[{"embeddable":true,"href":"https:\/\/www.europesays.com\/fr\/wp-json\/wp\/v2\/media\/362741"}],"wp:attachment":[{"href":"https:\/\/www.europesays.com\/fr\/wp-json\/wp\/v2\/media?parent=362740"}],"wp:term":[{"taxonomy":"category","embeddable":true,"href":"https:\/\/www.europesays.com\/fr\/wp-json\/wp\/v2\/categories?post=362740"},{"taxonomy":"post_tag","embeddable":true,"href":"https:\/\/www.europesays.com\/fr\/wp-json\/wp\/v2\/tags?post=362740"}],"curies":[{"name":"wp","href":"https:\/\/api.w.org\/{rel}","templated":true}]}}