{"id":362742,"date":"2025-09-03T07:46:11","date_gmt":"2025-09-03T07:46:11","guid":{"rendered":"https:\/\/www.europesays.com\/fr\/362742\/"},"modified":"2025-09-03T07:46:11","modified_gmt":"2025-09-03T07:46:11","slug":"alain-fabien-demande-lannulation-du-testament-de-son-pere","status":"publish","type":"post","link":"https:\/\/www.europesays.com\/fr\/362742\/","title":{"rendered":"Alain-Fabien demande l&rsquo;annulation du testament de son p\u00e8re"},"content":{"rendered":"<p>La succession d\u2019<a href=\"https:\/\/www.leprogres.fr\/p\/alain-delon\" target=\"_blank\" rel=\"nofollow noopener\">Alain Delon<\/a> conna\u00eet un nouveau rebondissement judiciaire. Alain-Fabien Delon entame une proc\u00e9dure pour demander l&rsquo;annulation du testament de son p\u00e8re devant le tribunal judiciaire de Paris, selon une information ce mardi de <a href=\"https:\/\/www.rtl.fr\/actu\/justice-faits-divers\/info-m6-rtl-heritage-d-alain-delon-alain-fabien-demande-l-annulation-du-testament-de-son-pere-7900536522\" target=\"_blank\" rel=\"nofollow noopener\">M6 et RTL<\/a>, confirm\u00e9e par\u00a0<a href=\"https:\/\/www.lemonde.fr\/culture\/article\/2025\/09\/02\/le-fils-d-alain-delon-alain-fabien-attaque-son-frere-et-sa-s-ur-en-justice-pour-faire-annuler-un-testament-de-l-acteur_6638407_3246.html\" target=\"_blank\" rel=\"nofollow noopener\">Le Monde<\/a>.<\/p>\n<p>Le fils cadet de l\u2019acteur assigne <a href=\"https:\/\/www.leprogres.fr\/faits-divers-justice\/2025\/04\/10\/anouchka-delon-attaque-ses-freres-en-justice-le-proces-est-renvoye-en-2026\" target=\"_blank\" rel=\"nofollow noopener\">sa s\u0153ur Anouchka<\/a>, son demi-fr\u00e8re Anthony ainsi que les trois ex\u00e9cuteurs testamentaires charg\u00e9s de veiller \u00e0 l\u2019ex\u00e9cution du testament de leur p\u00e8re. Une audience est pr\u00e9vue le 9 mars 2026 au tribunal judiciaire de Paris.<\/p>\n<p>  \u00ab Plus du discernement suffisant\u00a0\u00bb<\/p>\n<p>Alain Delon, d\u00e9c\u00e9d\u00e9 le 18 ao\u00fbt 2024 \u00e0 l\u2019\u00e2ge de 88 ans, a l\u00e9gu\u00e9 50 % de sa fortune \u00e0 sa fille et 25 % \u00e0 chacun de ses fils. Alain-Fabien entend faire annuler le second testament paraph\u00e9 le 24 novembre 2022 \u2013 selon lequel Anouchka est l\u2019unique h\u00e9riti\u00e8re du droit moral d\u2019Alain Delon, pr\u00e9cise Le Monde. Le cadet entend aussi contester une donation faite le 22 f\u00e9vrier 2023 en faveur de sa s\u0153ur.<\/p>\n<p>L\u2019avocate d&rsquo;Alain-Fabien estime que son p\u00e8re \u00ab\u00a0ne disposait plus du discernement suffisant\u00a0\u00bb, rapporte RTL. L&rsquo;h\u00e9ritage d&rsquo;Alain Delon est estim\u00e9 \u00e0 environ 50 millions d\u2019euros. Les estimations de la fortune de l\u2019acteur varient entre 50 et 300 millions d\u2019euros.<\/p>\n","protected":false},"excerpt":{"rendered":"La succession d\u2019Alain Delon conna\u00eet un nouveau rebondissement judiciaire. Alain-Fabien Delon entame une proc\u00e9dure pour demander l&rsquo;annulation du&hellip;\n","protected":false},"author":2,"featured_media":362743,"comment_status":"","ping_status":"","sticky":false,"template":"","format":"standard","meta":{"footnotes":""},"categories":[8],"tags":[58,33,59,107,1011,27,329,973,104],"class_list":{"0":"post-362742","1":"post","2":"type-post","3":"status-publish","4":"format-standard","5":"has-post-thumbnail","7":"category-divertissement","8":"tag-divertissement","9":"tag-economie","10":"tag-entertainment","11":"tag-fil-info","12":"tag-fr","13":"tag-france","14":"tag-france-monde","15":"tag-people","16":"tag-societe"},"share_on_mastodon":{"url":"https:\/\/pubeurope.com\/@fr\/115139260156423378","error":""},"_links":{"self":[{"href":"https:\/\/www.europesays.com\/fr\/wp-json\/wp\/v2\/posts\/362742","targetHints":{"allow":["GET"]}}],"collection":[{"href":"https:\/\/www.europesays.com\/fr\/wp-json\/wp\/v2\/posts"}],"about":[{"href":"https:\/\/www.europesays.com\/fr\/wp-json\/wp\/v2\/types\/post"}],"author":[{"embeddable":true,"href":"https:\/\/www.europesays.com\/fr\/wp-json\/wp\/v2\/users\/2"}],"replies":[{"embeddable":true,"href":"https:\/\/www.europesays.com\/fr\/wp-json\/wp\/v2\/comments?post=362742"}],"version-history":[{"count":0,"href":"https:\/\/www.europesays.com\/fr\/wp-json\/wp\/v2\/posts\/362742\/revisions"}],"wp:featuredmedia":[{"embeddable":true,"href":"https:\/\/www.europesays.com\/fr\/wp-json\/wp\/v2\/media\/362743"}],"wp:attachment":[{"href":"https:\/\/www.europesays.com\/fr\/wp-json\/wp\/v2\/media?parent=362742"}],"wp:term":[{"taxonomy":"category","embeddable":true,"href":"https:\/\/www.europesays.com\/fr\/wp-json\/wp\/v2\/categories?post=362742"},{"taxonomy":"post_tag","embeddable":true,"href":"https:\/\/www.europesays.com\/fr\/wp-json\/wp\/v2\/tags?post=362742"}],"curies":[{"name":"wp","href":"https:\/\/api.w.org\/{rel}","templated":true}]}}