{"id":362746,"date":"2025-09-03T07:48:12","date_gmt":"2025-09-03T07:48:12","guid":{"rendered":"https:\/\/www.europesays.com\/fr\/362746\/"},"modified":"2025-09-03T07:48:12","modified_gmt":"2025-09-03T07:48:12","slug":"evitez-le-rouge-sur-votre-compte-en-septembre-grace-a-cet-article-de-loi-trop-peu-connu","status":"publish","type":"post","link":"https:\/\/www.europesays.com\/fr\/362746\/","title":{"rendered":"\u00c9vitez le rouge sur votre compte en septembre gr\u00e2ce \u00e0 cet article de loi trop peu connu"},"content":{"rendered":"<p>Chaque <a href=\"https:\/\/www.juriguide.com\/2025\/09\/02\/impots-un-document-crucial-vient-detre-mis-en-ligne-voici-pourquoi-il-faut-le-lire\/\" rel=\"noopener noreferrer nofollow\" target=\"_blank\">septembre, de nombreux Fran\u00e7ais se retrouvent face \u00e0 des d\u00e9fis financiers<\/a>. La rentr\u00e9e \u2013 avec la rentr\u00e9e scolaire et d\u2019autres d\u00e9penses impr\u00e9vues \u2013 vient souvent chambouler les budgets des foyers. D\u2019apr\u00e8s les chiffres, presque un Fran\u00e7ais sur deux se retrouve \u00e0 d\u00e9couvert au moins une fois par an, et cela peut d\u00e9buter d\u00e8s la mi\u2011septembre. Ces d\u00e9couverts g\u00e9n\u00e8rent in\u00e9vitablement des agios, qui viennent encore alourdir la note.<\/p>\n<p>Comprendre la situation financi\u00e8re<\/p>\n<p>Le constat est net : \u00eatre \u00e0 d\u00e9couvert, m\u00eame avec une autorisation de d\u00e9couvert, co\u00fbte cher. Les frais li\u00e9s aux rejets de <a href=\"https:\/\/www.juriguide.com\/2025\/04\/18\/prelevements-automatiques-comment-eviter-les-mauvaises-surprises\/\" rel=\"noopener noreferrer nofollow\" target=\"_blank\">pr\u00e9l\u00e8vements automatiques<\/a> ou de ch\u00e8ques s\u2019accumulent rapidement et viennent peser sur la facture des m\u00e9nages en difficult\u00e9. Ajoutons que les taux de cr\u00e9dit \u00e0 la consommation tournent souvent autour de <strong>20%<\/strong>, ce qui ne rend pas l\u2019option du cr\u00e9dit tr\u00e8s int\u00e9ressante quand on cherche \u00e0 compenser un manque momentan\u00e9 de liquidit\u00e9s.<\/p>\n<p>Face \u00e0 ces difficult\u00e9s, les consommateurs n\u2019ont d\u2019autre choix que de se tourner vers des solutions totalement dans les clous pour \u00e9viter ces <a href=\"https:\/\/www.juriguide.com\/2025\/07\/04\/suspension-des-saisies-sur-salaire-ce-que-cela-signifie-pour-votre-budget\/\" rel=\"noopener noreferrer nofollow\" target=\"_blank\">saisies sur salaire<\/a> qui plombent leur budget. Heureusement, la loi propose une alternative que de plus en plus de Fran\u00e7ais testent.<\/p>\n<p>Avance sur salaire et autres options<\/p>\n<p>L\u2019une des solutions pratiques, c\u2019est l\u2019avance sur salaire. Les salari\u00e9s peuvent demander une avance sur leur r\u00e9mun\u00e9ration, voire sur des primes de fin d\u2019ann\u00e9e ou des int\u00e9ressements. M\u00eame si cette d\u00e9marche est assimil\u00e9e \u00e0 un emprunt avec parfois reconnaissance de dette, elle repr\u00e9sente pour beaucoup une option envisageable. L\u2019article L. 3251-3 du Code du travail encadre cette pratique en limitant les retenues sur salaire \u00e0 un dixi\u00e8me de la r\u00e9mun\u00e9ration mensuelle et en pr\u00e9voyant un remboursement sur au moins dix mois, sauf si le salari\u00e9 pr\u00e9f\u00e8re autre chose. Il faut toutefois garder \u00e0 l\u2019esprit que l\u2019employeur n\u2019est pas oblig\u00e9 d\u2019accepter la demande.<\/p>\n<p>Pour ceux qui se voient refuser l\u2019avance sur salaire ou qui ne souhaitent pas s\u2019endetter davantage aupr\u00e8s de leur entreprise, le recours \u00e0 l\u2019acompte sur salaire est envisageable. Conform\u00e9ment \u00e0 l\u2019article L. 3242-1 du Code du travail, un salari\u00e9 peut r\u00e9clamer un acompte correspondant \u00e0 la moiti\u00e9 de sa r\u00e9mun\u00e9ration mensuelle apr\u00e8s quinze jours travaill\u00e9s dans le mois. \u00c0 la diff\u00e9rence de l\u2019avance sur salaire, cette option ne peut l\u00e9galement \u00eatre refus\u00e9e par l\u2019entreprise, puisqu\u2019elle constitue le paiement d\u2019un travail d\u00e9j\u00e0 accompli.<\/p>\n<p>Entreprises sp\u00e9cialis\u00e9es et recours qui se multiplient<\/p>\n<p>Face \u00e0 ces soucis financiers r\u00e9currents, plusieurs entreprises sp\u00e9cialis\u00e9es ont vu le jour pour accompagner les particuliers d\u00e9sireux de r\u00e9duire leurs frais bancaires et assurer la <a href=\"https:\/\/www.juriguide.com\/2025\/03\/30\/banques-en-peril-ce-que-vous-devez-savoir-pour-securiser-vos-depots\/\" rel=\"noopener noreferrer nofollow\" target=\"_blank\">protection des d\u00e9p\u00f4ts<\/a>. Ces soci\u00e9t\u00e9s offrent une gamme de services allant du conseil juridique \u00e0 l\u2019assistance administrative pour la gestion des comptes courants et des d\u00e9couverts.<\/p>\n<p>L\u2019int\u00e9r\u00eat pour ces solutions l\u00e9gales ne cesse de grandir, signe que de nombreux consommateurs fran\u00e7ais se pr\u00e9occupent des co\u00fbts li\u00e9s aux d\u00e9couverts bancaires et aux cr\u00e9dits \u00e0 la consommation aux taux \u00e9lev\u00e9s. Plut\u00f4t que de recourir \u00e0 des cr\u00e9dits on\u00e9reux ou d\u2019encaisser sans rien faire des frais qui s\u2019accumulent, beaucoup misent sur ces alternatives pour esp\u00e9rer retrouver un peu de s\u00e9r\u00e9nit\u00e9 financi\u00e8re.<\/p>\n<p>Au final, m\u00eame si <strong>septembre<\/strong> continue de rimer avec tensions budg\u00e9taires pour de nombreux foyers, il existe aujourd\u2019hui plusieurs dispositifs l\u00e9gaux pour all\u00e9ger le fardeau financier. Que ce soit par une avance ou un acompte sur salaire ou gr\u00e2ce aux services d\u2019entreprises sp\u00e9cialis\u00e9es dans la gestion des finances perso, chacun peut trouver une solution adapt\u00e9e \u00e0 sa situation pour \u00e9viter le pi\u00e8ge co\u00fbteux des d\u00e9couverts bancaires r\u00e9p\u00e9t\u00e9s.<\/p>\n","protected":false},"excerpt":{"rendered":"Chaque septembre, de nombreux Fran\u00e7ais se retrouvent face \u00e0 des d\u00e9fis financiers. La rentr\u00e9e \u2013 avec la rentr\u00e9e&hellip;\n","protected":false},"author":2,"featured_media":362747,"comment_status":"","ping_status":"","sticky":false,"template":"","format":"standard","meta":{"footnotes":""},"categories":[6],"tags":[35,33,34,1011,27],"class_list":{"0":"post-362746","1":"post","2":"type-post","3":"status-publish","4":"format-standard","5":"has-post-thumbnail","7":"category-economie","8":"tag-business","9":"tag-economie","10":"tag-economy","11":"tag-fr","12":"tag-france"},"share_on_mastodon":{"url":"https:\/\/pubeurope.com\/@fr\/115139268049202846","error":""},"_links":{"self":[{"href":"https:\/\/www.europesays.com\/fr\/wp-json\/wp\/v2\/posts\/362746","targetHints":{"allow":["GET"]}}],"collection":[{"href":"https:\/\/www.europesays.com\/fr\/wp-json\/wp\/v2\/posts"}],"about":[{"href":"https:\/\/www.europesays.com\/fr\/wp-json\/wp\/v2\/types\/post"}],"author":[{"embeddable":true,"href":"https:\/\/www.europesays.com\/fr\/wp-json\/wp\/v2\/users\/2"}],"replies":[{"embeddable":true,"href":"https:\/\/www.europesays.com\/fr\/wp-json\/wp\/v2\/comments?post=362746"}],"version-history":[{"count":0,"href":"https:\/\/www.europesays.com\/fr\/wp-json\/wp\/v2\/posts\/362746\/revisions"}],"wp:featuredmedia":[{"embeddable":true,"href":"https:\/\/www.europesays.com\/fr\/wp-json\/wp\/v2\/media\/362747"}],"wp:attachment":[{"href":"https:\/\/www.europesays.com\/fr\/wp-json\/wp\/v2\/media?parent=362746"}],"wp:term":[{"taxonomy":"category","embeddable":true,"href":"https:\/\/www.europesays.com\/fr\/wp-json\/wp\/v2\/categories?post=362746"},{"taxonomy":"post_tag","embeddable":true,"href":"https:\/\/www.europesays.com\/fr\/wp-json\/wp\/v2\/tags?post=362746"}],"curies":[{"name":"wp","href":"https:\/\/api.w.org\/{rel}","templated":true}]}}