{"id":362748,"date":"2025-09-03T07:49:11","date_gmt":"2025-09-03T07:49:11","guid":{"rendered":"https:\/\/www.europesays.com\/fr\/362748\/"},"modified":"2025-09-03T07:49:11","modified_gmt":"2025-09-03T07:49:11","slug":"donald-trump-balaie-les-rumeurs-sur-sa-sante-apres-une-semaine-dabsence","status":"publish","type":"post","link":"https:\/\/www.europesays.com\/fr\/362748\/","title":{"rendered":"Donald Trump balaie les rumeurs sur sa sant\u00e9, apr\u00e8s une semaine d\u2019absence"},"content":{"rendered":"<p>                         <img loading=\"lazy\" decoding=\"async\" src=\"https:\/\/www.europesays.com\/fr\/wp-content\/uploads\/2025\/09\/be5734c_ftp-import-images-1-ovhbxppqsjed-2025-09-02t191703z-1266268986-rc2vjgagx1b5-rtrmadp-3-usa-tr.jpeg\" alt=\"Donald Trump, \u00e0 la Maison Blanche, \u00e0 Washington, le 2\u00a0septembre\u00a02025.\"   width=\"664\" height=\"443\"\/>    Donald Trump, \u00e0 la Maison Blanche, \u00e0 Washington, le 2\u00a0septembre\u00a02025.  BRIAN SNYDER \/ REUTERS                 <\/p>\n<p class=\"article__paragraph  \">Comme si de rien n\u2019\u00e9tait, Donald Trump est r\u00e9apparu devant les cam\u00e9ras, mardi 2\u00a0septembre, apr\u00e8s une semaine d\u2019effacement in\u00e9dit. Un retrait si inhabituel qu\u2019il a nourri les sp\u00e9culations sur l\u2019\u00e9tat de sant\u00e9 du pr\u00e9sident am\u00e9ricain. Ce dernier a annonc\u00e9 le d\u00e9m\u00e9nagement \u00e0 Huntsville\u00a0(Alabama) du commandement des forces spatiales, entour\u00e9 d\u2019\u00e9lus locaux. Puis le milliardaire a r\u00e9pondu \u00e0 des questions, lui permettant de se focaliser sur la criminalit\u00e9 et les droits de douane.<\/p>\n<p class=\"article__paragraph  \">Une seule question a concern\u00e9 sa sant\u00e9. \u00ab\u00a0Comment avez-vous appris au cours du week-end que vous \u00e9tiez mort\u00a0?\u00a0\u00bb Le journaliste de la cha\u00eene conservatrice Fox News Peter Doocy, pr\u00e9tendant manier l\u2019ironie au sujet de la fi\u00e8vre ayant saisi les r\u00e9seaux sociaux, a offert l\u2019occasion \u00e0 Donald Trump de faire diversion. Le pr\u00e9sident a affirm\u00e9 avoir \u00e9t\u00e9 \u00ab\u00a0tr\u00e8s actif au cours du week-end\u00a0\u00bb. \u00ab\u00a0C\u2019est assez fou, a-t-il ajout\u00e9, mais, la semaine derni\u00e8re, j\u2019ai fait de nombreuses conf\u00e9rences de presse, toutes r\u00e9ussies. Elles se sont tr\u00e8s bien pass\u00e9es, comme celle-ci actuellement. Puis je n\u2019ai rien fait pendant deux jours et l\u2019on a dit\u00a0que quelque chose ne doit pas aller chez lui. Biden\u00a0[l\u2019ex-pr\u00e9sident am\u00e9ricain] n\u2019en faisait pas pendant des mois, vous ne le voyiez pas et personne n\u2019a jamais dit que quelque chose n\u2019allait pas chez lui.\u00a0\u00bb<\/p>\n<p class=\"reading-mode-only \"><strong>Il vous reste 82.3% de cet article \u00e0 lire. La suite est r\u00e9serv\u00e9e aux abonn\u00e9s.<\/strong><\/p>\n","protected":false},"excerpt":{"rendered":"Donald Trump, \u00e0 la Maison Blanche, \u00e0 Washington, le 2\u00a0septembre\u00a02025. BRIAN SNYDER \/ REUTERS Comme si de rien&hellip;\n","protected":false},"author":2,"featured_media":362749,"comment_status":"","ping_status":"","sticky":false,"template":"","format":"standard","meta":{"footnotes":""},"categories":[5],"tags":[11,1011,27,14,12,28],"class_list":{"0":"post-362748","1":"post","2":"type-post","3":"status-publish","4":"format-standard","5":"has-post-thumbnail","7":"category-international","8":"tag-actualites","9":"tag-fr","10":"tag-france","11":"tag-international","12":"tag-news","13":"tag-world"},"share_on_mastodon":{"url":"https:\/\/pubeurope.com\/@fr\/115139272479943240","error":""},"_links":{"self":[{"href":"https:\/\/www.europesays.com\/fr\/wp-json\/wp\/v2\/posts\/362748","targetHints":{"allow":["GET"]}}],"collection":[{"href":"https:\/\/www.europesays.com\/fr\/wp-json\/wp\/v2\/posts"}],"about":[{"href":"https:\/\/www.europesays.com\/fr\/wp-json\/wp\/v2\/types\/post"}],"author":[{"embeddable":true,"href":"https:\/\/www.europesays.com\/fr\/wp-json\/wp\/v2\/users\/2"}],"replies":[{"embeddable":true,"href":"https:\/\/www.europesays.com\/fr\/wp-json\/wp\/v2\/comments?post=362748"}],"version-history":[{"count":0,"href":"https:\/\/www.europesays.com\/fr\/wp-json\/wp\/v2\/posts\/362748\/revisions"}],"wp:featuredmedia":[{"embeddable":true,"href":"https:\/\/www.europesays.com\/fr\/wp-json\/wp\/v2\/media\/362749"}],"wp:attachment":[{"href":"https:\/\/www.europesays.com\/fr\/wp-json\/wp\/v2\/media?parent=362748"}],"wp:term":[{"taxonomy":"category","embeddable":true,"href":"https:\/\/www.europesays.com\/fr\/wp-json\/wp\/v2\/categories?post=362748"},{"taxonomy":"post_tag","embeddable":true,"href":"https:\/\/www.europesays.com\/fr\/wp-json\/wp\/v2\/tags?post=362748"}],"curies":[{"name":"wp","href":"https:\/\/api.w.org\/{rel}","templated":true}]}}