{"id":362750,"date":"2025-09-03T07:50:11","date_gmt":"2025-09-03T07:50:11","guid":{"rendered":"https:\/\/www.europesays.com\/fr\/362750\/"},"modified":"2025-09-03T07:50:11","modified_gmt":"2025-09-03T07:50:11","slug":"jours-feries-ame-dissolution-ce-quil-faut-retenir-de-linterview-de-francois-bayrou","status":"publish","type":"post","link":"https:\/\/www.europesays.com\/fr\/362750\/","title":{"rendered":"Jours f\u00e9ri\u00e9s, AME, dissolution&#8230; Ce qu\u2019il faut retenir de l\u2019interview de Fran\u00e7ois Bayrou"},"content":{"rendered":"<p>\u00c0 moins d\u2019une semaine du vote de confiance qu\u2019il a sollicit\u00e9 \u00e0 l\u2019Assembl\u00e9e nationale, le premier ministre \u00e9tait l\u2019invit\u00e9 de la matinale de BFMTV et RMC.<\/p>\n<p class=\"fig-paragraph\">Le 8 septembre,\u00a0<a href=\"http:\/\/www.lefigaro.fr\/vox\/economie\/jean-pierre-robin-fache-avec-les-chiffres-francois-bayrou-echoue-a-faire-comprendre-aux-francais-la-gravite-de-la-dette-publique-20250901\" data-fig-type=\"Article\" data-gtm-custom-categorie=\"navigation\" data-gtm-custom-action=\"crossclick\" data-gtm-custom-label=\"Contextuel\" data-gtm-event=\"customEventSPE\" data-fig-domain=\"LEFIGARO\" target=\"_blank\" rel=\"noopener\">Fran\u00e7ois Bayrou<\/a>\u00a0se soumettra \u00e0 un\u00a0<a href=\"http:\/\/www.lefigaro.fr\/politique\/guillaume-tabard-vote-de-confiance-a-bayrou-entre-un-air-de-deja-vu-et-le-saut-dans-l-inconnu-20250827\" data-fig-type=\"Article\" data-gtm-custom-categorie=\"navigation\" data-gtm-custom-action=\"crossclick\" data-gtm-custom-label=\"Contextuel\" data-gtm-event=\"customEventSPE\" data-fig-domain=\"LEFIGARO\" target=\"_blank\" rel=\"noopener\">vote de confiance<\/a>\u00a0\u00e0 l\u2019Assembl\u00e9e nationale, \u00e0 l\u2019issue d\u2019une d\u00e9claration de politique g\u00e9n\u00e9rale. Le premier ministre ne cesse de le r\u00e9p\u00e9ter\u00a0: ce scrutin ne porte pas sur le projet de budget qu\u2019il a pr\u00e9sent\u00e9 le 15 juillet, mais sur la n\u00e9cessit\u00e9 et l\u2019urgence de r\u00e9tablir les comptes publics. Pourtant, la totalit\u00e9 des partis d\u2019opposition ont annonc\u00e9 qu\u2019ils ne lui accorderont pas leur confiance, contraignant le B\u00e9arnais \u00e0 d\u00e9missionner dans moins d\u2019une semaine.<\/p>\n<p class=\"fig-paragraph\">En vue de cette \u00e9ch\u00e9ance \u00e0 haut risque, le chef du gouvernement a entam\u00e9\u00a0<a href=\"http:\/\/www.lefigaro.fr\/politique\/vote-de-confiance-a-une-semaine-de-l-echeance-francois-bayrou-entame-ce-lundi-des-consultations-politiques-20250901\" data-fig-type=\"NewsFlash\" data-gtm-custom-categorie=\"navigation\" data-gtm-custom-action=\"crossclick\" data-gtm-custom-label=\"Contextuel\" data-gtm-event=\"customEventSPE\" data-fig-domain=\"LEFIGARO\" target=\"_blank\" rel=\"noopener\">une s\u00e9rie de consultations \u00e0 Matignon<\/a>\u00a0avec les chefs de partis et de groupes parlementaires. Apr\u00e8s s\u2019\u00eatre entretenu mardi avec les leaders du RN, de Renaissance, de LR et d\u2019Horizons, il recevra ce mercredi les \u00e9lus du MoDem, de l\u2019UDR et les repr\u00e9sentants du groupe LIOT. En amont de ces entrevues, le chef du gouvernement a r\u00e9pondu aux questions d\u2019Apolline de Malherbe lors de la matinale de BFMTV &amp; RMC.<\/p>\n<p>                                    <a class=\"fig-a11y-skip a11y-hidden\" href=\"#fig-a11y-skip-main-inarticle\"><br \/>\n        Passer la publicit\u00e9<br \/>\n    <\/a><\/p>\n<p class=\"fig-paragraph\">Le Figaro vous r\u00e9sume ce qu\u2019il faut retenir de cette interview.<\/p>\n<p>Sur les jours f\u00e9ri\u00e9s, Fran\u00e7ois Bayrou se dit \u00abpr\u00eat \u00e0 examiner toute solution alternative\u00bb<\/p>\n<p class=\"fig-paragraph\">\u00abJ\u2019y renonce d\u00e8s l\u2019instant que nous aurons trouv\u00e9 une solution alternative\u00bb, a promis le premier ministre, \u00abpr\u00eat \u00e0 examiner\u00bb les propositions des forces politiques. Il fixe toutefois une condition\u00a0: la mesure de substitution doit permettre de r\u00e9aliser le m\u00eame rendement \u2013 4,2 milliards d\u2019euros \u2013 qui repr\u00e9sente \u00ab10% de l\u2019effort \u00e0 faire\u00bb. Fran\u00e7ois Bayrou a par ailleurs r\u00e9v\u00e9l\u00e9 que la suppression de deux jours f\u00e9ri\u00e9s avait \u00e9t\u00e9 privil\u00e9gi\u00e9e \u00e0 la hausse du temps de travail hebdomadaire de 35 \u00e0 36 heures.<\/p>\n<p>Le durcissement de l\u2019aide m\u00e9dicale d\u2019\u00c9tat pour les sans-papiers, une \u00abmesure de bon sens\u00bb<\/p>\n<p class=\"fig-paragraph\">Pour Fran\u00e7ois Bayrou, \u00abon ne peut pas demander aux Fran\u00e7ais de faire des efforts et ne pas associer les \u00e9trangers\u00bb. Le premier ministre souhaite ainsi restreindre le panier de soins de\u00a0<a href=\"http:\/\/www.lefigaro.fr\/conjoncture\/ame-l-executif-veut-restreindre-la-prise-en-charge-des-sans-papiers-selon-des-projets-de-decrets-20250902\" data-fig-type=\"NewsFlash\" data-gtm-custom-categorie=\"navigation\" data-gtm-custom-action=\"crossclick\" data-gtm-custom-label=\"Contextuel\" data-gtm-event=\"customEventSPE\" data-fig-domain=\"LEFIGARO\" target=\"_blank\" rel=\"noopener\">l\u2019aide m\u00e9dicale d\u2019\u00c9tat<\/a>\u00a0destin\u00e9e aux sans-papiers, une revendication de longue date du RN. Le gouvernement r\u00e9fl\u00e9chit pourrait prendre une s\u00e9rie de d\u00e9crets allant en ce sens. \u00abDans la liste des soins, il y avait de la baln\u00e9oth\u00e9rapie.\u00a0Ce n\u2019est pas normal, ce n\u2019est pas raisonnable\u00bb, s\u2019est indign\u00e9 le chef du gouvernement.<\/p>\n<p>Hostile \u00e0 une nouvelle dissolution<\/p>\n<p class=\"fig-paragraph\">En pronon\u00e7ant la dissolution de l\u2019Assembl\u00e9e le 9 juin 2024, Emmanuel Macron cherchait \u00e0 obtenir une \u00abclarification\u00bb. \u00abOn a eu \u00e0 peu pr\u00e8s le contraire\u00bb, a ironis\u00e9 le premier ministre, qui consid\u00e8re que cette pr\u00e9rogative pr\u00e9sidentielle est un \u00abrisque\u00bb. Manifestement hostile \u00e0 de nouvelles \u00e9lections l\u00e9gislatives, Fran\u00e7ois Bayrou a feint d\u2019interroger\u00a0: \u00abEst-ce qu\u2019il est logique et coh\u00e9rent d\u2019imaginer qu\u2019une prochaine dissolution apporterait plus de clart\u00e9\u00a0? Je ne le crois pas.\u00bb<\/p>\n<p>\u00abUn d\u00e9faut que je n\u2019ai pas, c\u2019est d\u2019\u00eatre d\u00e9faitiste\u00bb<\/p>\n<p class=\"fig-paragraph\">M\u00eame si la quasi-totalit\u00e9 de la classe politique a d\u00e9j\u00e0 tourn\u00e9 la page, le premier ministre continue de croire en ses chances d\u2019obtenir la confiance dans cinq jours. \u00abJe ne suis pas d\u00e9faitiste. R\u00e9aliste oui, mais pas d\u00e9faitiste\u00bb, a-t-il assur\u00e9, expliquant avoir sollicit\u00e9 ce vote de confiance \u00abpour que tout le monde se rende compte de la situation\u00bb de la dette publique, qui repr\u00e9sente une \u00abh\u00e9morragie du pays\u00bb. \u00abCe qui est en jeu, c\u2019est le sort du pays\u00bb, a conclu Fran\u00e7ois Bayrou, mobilisant \u00abl\u2019int\u00e9r\u00eat national\u00bb.<\/p>\n","protected":false},"excerpt":{"rendered":"\u00c0 moins d\u2019une semaine du vote de confiance qu\u2019il a sollicit\u00e9 \u00e0 l\u2019Assembl\u00e9e nationale, le premier ministre \u00e9tait&hellip;\n","protected":false},"author":2,"featured_media":362751,"comment_status":"","ping_status":"","sticky":false,"template":"","format":"standard","meta":{"footnotes":""},"categories":[4],"tags":[11,1011,27,431,2173,12,3363,25],"class_list":{"0":"post-362750","1":"post","2":"type-post","3":"status-publish","4":"format-standard","5":"has-post-thumbnail","7":"category-france","8":"tag-actualites","9":"tag-fr","10":"tag-france","11":"tag-francois-bayrou","12":"tag-interview","13":"tag-news","14":"tag-premier-ministre","15":"tag-republique-francaise"},"share_on_mastodon":{"url":"https:\/\/pubeurope.com\/@fr\/115139275995053247","error":""},"_links":{"self":[{"href":"https:\/\/www.europesays.com\/fr\/wp-json\/wp\/v2\/posts\/362750","targetHints":{"allow":["GET"]}}],"collection":[{"href":"https:\/\/www.europesays.com\/fr\/wp-json\/wp\/v2\/posts"}],"about":[{"href":"https:\/\/www.europesays.com\/fr\/wp-json\/wp\/v2\/types\/post"}],"author":[{"embeddable":true,"href":"https:\/\/www.europesays.com\/fr\/wp-json\/wp\/v2\/users\/2"}],"replies":[{"embeddable":true,"href":"https:\/\/www.europesays.com\/fr\/wp-json\/wp\/v2\/comments?post=362750"}],"version-history":[{"count":0,"href":"https:\/\/www.europesays.com\/fr\/wp-json\/wp\/v2\/posts\/362750\/revisions"}],"wp:featuredmedia":[{"embeddable":true,"href":"https:\/\/www.europesays.com\/fr\/wp-json\/wp\/v2\/media\/362751"}],"wp:attachment":[{"href":"https:\/\/www.europesays.com\/fr\/wp-json\/wp\/v2\/media?parent=362750"}],"wp:term":[{"taxonomy":"category","embeddable":true,"href":"https:\/\/www.europesays.com\/fr\/wp-json\/wp\/v2\/categories?post=362750"},{"taxonomy":"post_tag","embeddable":true,"href":"https:\/\/www.europesays.com\/fr\/wp-json\/wp\/v2\/tags?post=362750"}],"curies":[{"name":"wp","href":"https:\/\/api.w.org\/{rel}","templated":true}]}}