{"id":362754,"date":"2025-09-03T07:52:12","date_gmt":"2025-09-03T07:52:12","guid":{"rendered":"https:\/\/www.europesays.com\/fr\/362754\/"},"modified":"2025-09-03T07:52:12","modified_gmt":"2025-09-03T07:52:12","slug":"saint-etienne-apres-la-drogue-un-nouveau-type-de-trafic-sinstalle-dans-cette-rue","status":"publish","type":"post","link":"https:\/\/www.europesays.com\/fr\/362754\/","title":{"rendered":"Saint-Etienne. Apr\u00e8s la drogue, un nouveau type de trafic s&rsquo;installe dans cette rue"},"content":{"rendered":"<p>            Par<br \/>\n        <strong><br \/>\n            <a href=\"https:\/\/actu.fr\/auteur\/mathias-souteyrat\" title=\"Consulter tous les articles de Mathias Souteyrat\" rel=\"nofollow noopener\" target=\"_blank\">Mathias Souteyrat<\/a><br \/>\n        <\/strong><\/p>\n<p>        Publi\u00e9 le<\/p>\n<p>            3 sept. 2025 \u00e0 9h16<br \/>\n        ; mis \u00e0 jour le 3 sept. 2025 \u00e0 9h19    <\/p>\n<p>Apr\u00e8s les points de deal du trafic de drogue, place \u00e0 la vente de gaz hilarant ou \u00ab\u2009proto\u2009\u00bb, pour protoxyde d\u2019azote.<\/p>\n<p class=\" wall-content\">\u00ab\u2009Ballon dispo\u2009; Open 24\/24, 7\/7\u2009; drive.\u2009\u00bb Plusieurs tags sous les fen\u00eatres d\u2019un mur blanc de la rue du Vernay, secteur Saint-Roch, proche de la <a href=\"https:\/\/actu.fr\/auvergne-rhone-alpes\/saint-etienne_42218\/saint-etienne-un-bordel-a-ciel-ouvert-cette-rue-pose-de-gros-problemes-aux-habitants_62811808.html\" rel=\"nofollow noopener\" target=\"_blank\">rue Antoine-Durafour<\/a>, \u00e0 <a href=\"https:\/\/actu.fr\/saint-etienne\/\" rel=\"nofollow noopener\" target=\"_blank\">Saint-Etienne<\/a>, ont \u00e9t\u00e9 aper\u00e7us fin ao\u00fbt par des riverains exc\u00e9d\u00e9s par la situation.<\/p>\n<p>Le trafic se fait au niveau du magasin Biocoop<\/p>\n<p class=\" wall-content\">En juillet, sur ce m\u00eame mur, \u00e9tait mentionn\u00e9 un point \u00ab\u2009classique\u2009\u00bb de vente de drogue. Tag depuis supprim\u00e9 par la municipalit\u00e9.<\/p>\n<p>    <img   decoding=\"async\" loading=\"lazy\" src=\"https:\/\/www.europesays.com\/fr\/wp-content\/uploads\/2025\/09\/540327141-1490641902364524-6440685639941381271-n-960x640.jpg\" alt=\"Tag depuis supprim\u00e9 par la municipalit\u00e9.\u00a0\" width=\"960\" height=\"640\"\/><br \/>\n    Tag depuis supprim\u00e9 par la municipalit\u00e9. (\u00a9Photo transmise \u00e0 actu Saint-Etienne)<\/p>\n<p class=\" wall-content\">Selon des habitants, le trafic se fait au niveau du magasin Biocoop de la rue Vernay et sur la place St-Roch. Des photos montrent plusieurs groupes de jeunes, accoud\u00e9s aux voitures, visiblement en train de r\u00e9aliser des transactions.<\/p>\n<p><a class=\"jo-module-caroussel__img-container\" href=\"https:\/\/static.actu.fr\/uploads\/2025\/09\/durafour-sainte.jpg\" title=\"Agrandir la photo Des photos montrent plusieurs groupes de jeunes, accoud\u00e9s aux voitures, visiblement en train de r\u00e9aliser des transactions. (\u00a9 Photo transmise \u00e0 actu Saint-Etienne)\" data-idx=\"1\" rel=\"nofollow noopener\" target=\"_blank\"><br \/>\n    <img decoding=\"async\" class=\"jo-module-caroussel__img\" loading=\"lazy\" src=\"https:\/\/www.europesays.com\/fr\/wp-content\/uploads\/2025\/09\/durafour-sainte-640x427.jpg\" alt=\"Des photos montrent plusieurs groupes de jeunes, accoud\u00e9s aux voitures, visiblement en train de r\u00e9aliser des transactions. (\u00a9 Photo transmise \u00e0 actu Saint-Etienne)\" width=\"640\" height=\"427\"\/><\/a><\/p>\n<p class=\" wall-content\">Dans le secteur, les nuisances sonores continuent, perturbant la tranquillit\u00e9 nocturne des habitants, comme le montre une vid\u00e9o o\u00f9 des jeunes montent sur le capot d\u2019une voiture.<\/p>\n<p>Votre r\u00e9gion, votre actu !<\/p>\n<p>Recevez chaque jour les infos qui comptent pour vous.<\/p>\n<p>\t<a href=\"https:\/\/actu.fr\/newsletter\" class=\"ac-btn ac-btn--corner ac-btn--medium ac-btn--blue800\" rel=\"nofollow noopener\" target=\"_blank\">S&rsquo;incrire<\/a><\/p>\n<p class=\" wall-content\">\n<p class=\" wall-content\">Pour rappel, l\u2019Assembl\u00e9e nationale a interdit en janvier\u00a02025 la vente aux particuliers de protoxyde d\u2019azote \u2013 ou gaz hilarant \u2013 dont l\u2019usage d\u00e9tourn\u00e9 peut se r\u00e9v\u00e9ler dangereux.<\/p>\n<p>Les patrouilles de police ont \u00e9t\u00e9 r\u00e9orient\u00e9es la nuit dans ces secteurs<\/p>\n<p class=\" wall-content\">Contact\u00e9e, la police informe que les patrouilles ont \u00e9t\u00e9 r\u00e9orient\u00e9es, notamment la nuit, dans ces secteurs pour lutter contre ces nuisances (et v\u00e9rifier la bonne tenue des arr\u00eat\u00e9s pr\u00e9fectoraux et municipaux sur l\u2019interdiction de vente d\u2019alcool et l\u2019ouverture des commerces la nuit).<\/p>\n<p class=\" wall-content\">Concernant le gaz hilarant, \u00ab\u2009ce ph\u00e9nom\u00e8ne prend de l\u2019ampleur, avec de plus en plus de conducteurs contr\u00f4l\u00e9s, poss\u00e9dant ou ayant inhal\u00e9 ce produit\u2009\u00bb.<\/p>\n<p class=\" wall-content\">Dans le secteur de la rue Durafour, il n\u2019y a pas eu d\u2019interpellation r\u00e9cente li\u00e9e au trafic ou \u00e0 la consommation du protoxyde d\u2019azote.<\/p>\n<p class=\" wall-content\">Personnalisez votre actualit\u00e9 en ajoutant vos villes et m\u00e9dias en favori avec <a href=\"https:\/\/moncompte.actu.fr\" title=\"D\u00e9couvez Mon Actu\" rel=\"nofollow noopener\" data-trk=\"{&quot;cta&quot;:{&quot;action&quot;:&quot;https:\\\/\\\/moncompte.actu.fr&quot;,&quot;category&quot;:&quot;mon compte&quot;,&quot;from&quot;:&quot;article footer&quot;,&quot;name&quot;:&quot;Mon actu&quot;,&quot;type&quot;:&quot;cta&quot;}}\" target=\"_blank\">Mon Actu<\/a>.<\/p>\n","protected":false},"excerpt":{"rendered":"Par Mathias Souteyrat Publi\u00e9 le 3 sept. 2025 \u00e0 9h16 ; mis \u00e0 jour le 3 sept. 2025&hellip;\n","protected":false},"author":2,"featured_media":362755,"comment_status":"","ping_status":"","sticky":false,"template":"","format":"standard","meta":{"footnotes":""},"categories":[9653],"tags":[1111,11,2430,1052,1777,674,118,1011,27,12,1072,25,4001],"class_list":{"0":"post-362754","1":"post","2":"type-post","3":"status-publish","4":"format-standard","5":"has-post-thumbnail","7":"category-saint-etienne","8":"tag-actu","9":"tag-actualites","10":"tag-auvergne-rhone-alpes","11":"tag-drogue","12":"tag-eu","13":"tag-europe","14":"tag-faits-divers","15":"tag-fr","16":"tag-france","17":"tag-news","18":"tag-police","19":"tag-republique-francaise","20":"tag-saint-etienne"},"share_on_mastodon":{"url":"https:\/\/pubeurope.com\/@fr\/115139283881517645","error":""},"_links":{"self":[{"href":"https:\/\/www.europesays.com\/fr\/wp-json\/wp\/v2\/posts\/362754","targetHints":{"allow":["GET"]}}],"collection":[{"href":"https:\/\/www.europesays.com\/fr\/wp-json\/wp\/v2\/posts"}],"about":[{"href":"https:\/\/www.europesays.com\/fr\/wp-json\/wp\/v2\/types\/post"}],"author":[{"embeddable":true,"href":"https:\/\/www.europesays.com\/fr\/wp-json\/wp\/v2\/users\/2"}],"replies":[{"embeddable":true,"href":"https:\/\/www.europesays.com\/fr\/wp-json\/wp\/v2\/comments?post=362754"}],"version-history":[{"count":0,"href":"https:\/\/www.europesays.com\/fr\/wp-json\/wp\/v2\/posts\/362754\/revisions"}],"wp:featuredmedia":[{"embeddable":true,"href":"https:\/\/www.europesays.com\/fr\/wp-json\/wp\/v2\/media\/362755"}],"wp:attachment":[{"href":"https:\/\/www.europesays.com\/fr\/wp-json\/wp\/v2\/media?parent=362754"}],"wp:term":[{"taxonomy":"category","embeddable":true,"href":"https:\/\/www.europesays.com\/fr\/wp-json\/wp\/v2\/categories?post=362754"},{"taxonomy":"post_tag","embeddable":true,"href":"https:\/\/www.europesays.com\/fr\/wp-json\/wp\/v2\/tags?post=362754"}],"curies":[{"name":"wp","href":"https:\/\/api.w.org\/{rel}","templated":true}]}}