{"id":362756,"date":"2025-09-03T07:53:14","date_gmt":"2025-09-03T07:53:14","guid":{"rendered":"https:\/\/www.europesays.com\/fr\/362756\/"},"modified":"2025-09-03T07:53:14","modified_gmt":"2025-09-03T07:53:14","slug":"a-sprecision-stephanoise-industrie-investit-dans-son-parc-machine","status":"publish","type":"post","link":"https:\/\/www.europesays.com\/fr\/362756\/","title":{"rendered":"\u00c0 SPr\u00e9cision St\u00e9phanoise Industrie investit dans son parc-machine"},"content":{"rendered":"<p><img loading=\"lazy\" decoding=\"async\" alt=\"Denis Meynard - Jacques Patras, dirigeant de Pr\u00e9cision St\u00e9phanoise Industrie,  pr\u00e9sente un support de t\u00e9lescope en titane con\u00e7u pour Safran.\" data-zoom-src=\"https:\/\/www.europesays.com\/fr\/wp-content\/uploads\/2025\/09\/initial-psi-08-25.jpg\" data-zoomable=\"\" height=\"702\" src=\"https:\/\/www.europesays.com\/fr\/wp-content\/uploads\/2025\/09\/initial-psi-08-25.jpg\" width=\"1248\"\/>  <\/p>\n<p class=\"article-desc\">Denis Meynard &#8211; Jacques Patras, dirigeant de Pr\u00e9cision St\u00e9phanoise Industrie, pr\u00e9sente un support de t\u00e9lescope en titane con\u00e7u pour Safran. <\/p>\n<p>Reprise en 2001 par son actuel dirigeant, Jacques Patras, en association avec un industriel lig\u00e9rien, Pr\u00e9cision St\u00e9phanoise Industrie se d\u00e9veloppe dans la <strong>m\u00e9canique de pr\u00e9cision<\/strong> sur des march\u00e9s \u00e0 forte valeur ajout\u00e9e qui n\u00e9cessitent une remise \u00e0 niveau constante de son parc-machine. <\/p>\n<p>Situ\u00e9e au Technopole, l\u2019entreprise de 15 salari\u00e9s, dont une dizaine sont en production, enregistre une croissance r\u00e9guli\u00e8re de son chiffre d\u2019affaires depuis 2021. Il atteignait 2,7 millions d\u2019euros en 2024, \u00ab\u00a0une ann\u00e9e \u00e9galement marqu\u00e9e par un niveau \u00e9lev\u00e9 de prises de commandes, de l&rsquo;ordre de 4 millions\u00a0\u00bb, souligne le dirigeant. <\/p>\n<p>Pr\u00e9cision St\u00e9phanoise Industrie est pr\u00e9sent \u00e0 l&rsquo;international <\/p>\n<p>Ce dernier est l\u2019unique actionnaire de la soci\u00e9t\u00e9 apr\u00e8s la reprise, en 2017, des 49 % du capital jusqu\u2019alors d\u00e9tenus par le groupe SAB (Sous-traitance Appliqu\u00e9e de Belmont). Jacques Patras a fait le choix de travailler sur la qualit\u00e9 des pi\u00e8ces r\u00e9alis\u00e9es en <strong>petites s\u00e9ries<\/strong>, voire de fa\u00e7on unitaire, avec une partie de sa production destin\u00e9e \u00e0 l\u2019export, variant de 10 \u00e0 30 %.<\/p>\n<p>PSI, qui a entrepris une d\u00e9marche de certification ISO 19443, s\u2019appr\u00eate \u00e0 travailler de plus en plus en plus pour le nucl\u00e9aire, civil mais aussi militaire. Elle compte par ailleurs des clients dans les secteurs de la <strong>d\u00e9fense<\/strong> (MBDA, <a href=\"https:\/\/mesinfos.fr\/42300-roanne\/defense-le-vehicule-blinde-serval-etoffe-le-carnet-de-commandes-de-knds-ex-nexter-a-roanne-216351.html\" rel=\"noopener\" target=\"_blank\">KNDS<\/a>) et du <strong>spatial <\/strong>(Safran, Thal\u00e8s).<\/p>\n<p> Un gros contrat aux \u00c9tats-Unis en 2024 <\/p>\n<p>L\u2019entreprise st\u00e9phanoise, qui a d\u00e9j\u00e0 travaill\u00e9 avec le CNRS, a d\u00e9croch\u00e9 l\u2019an dernier un contrat de plus de 700 000 dollars pour la fourniture d\u2019une quarantaine de sous-ensembles \u00e0 un laboratoire de recherche am\u00e9ricain sp\u00e9cialis\u00e9 dans l\u2019acc\u00e9l\u00e9ration de particules. <\/p>\n<p>Elle a pour cela mis en service au printemps <strong>une nouvelle rectifieuse<\/strong> plane \u00e0 commandes num\u00e9riques. Un investissement de 107 000 euros subventionn\u00e9 \u00e0 20 % par la r\u00e9gion Auvergne Rh\u00f4ne-Alpes que les conseillers r\u00e9gionaux Nicole Peycelon et Dino Cinieri sont venus voir fonctionner mardi 2 septembre.<\/p>\n","protected":false},"excerpt":{"rendered":"Denis Meynard &#8211; Jacques Patras, dirigeant de Pr\u00e9cision St\u00e9phanoise Industrie, pr\u00e9sente un support de t\u00e9lescope en titane con\u00e7u&hellip;\n","protected":false},"author":2,"featured_media":362757,"comment_status":"","ping_status":"","sticky":false,"template":"","format":"standard","meta":{"footnotes":""},"categories":[9653],"tags":[1111,11,2430,313,1777,674,1011,27,693,2554,12,25,4001],"class_list":{"0":"post-362756","1":"post","2":"type-post","3":"status-publish","4":"format-standard","5":"has-post-thumbnail","7":"category-saint-etienne","8":"tag-actu","9":"tag-actualites","10":"tag-auvergne-rhone-alpes","11":"tag-entreprises","12":"tag-eu","13":"tag-europe","14":"tag-fr","15":"tag-france","16":"tag-industrie","17":"tag-investissements","18":"tag-news","19":"tag-republique-francaise","20":"tag-saint-etienne"},"share_on_mastodon":{"url":"https:\/\/pubeurope.com\/@fr\/115139287723143756","error":""},"_links":{"self":[{"href":"https:\/\/www.europesays.com\/fr\/wp-json\/wp\/v2\/posts\/362756","targetHints":{"allow":["GET"]}}],"collection":[{"href":"https:\/\/www.europesays.com\/fr\/wp-json\/wp\/v2\/posts"}],"about":[{"href":"https:\/\/www.europesays.com\/fr\/wp-json\/wp\/v2\/types\/post"}],"author":[{"embeddable":true,"href":"https:\/\/www.europesays.com\/fr\/wp-json\/wp\/v2\/users\/2"}],"replies":[{"embeddable":true,"href":"https:\/\/www.europesays.com\/fr\/wp-json\/wp\/v2\/comments?post=362756"}],"version-history":[{"count":0,"href":"https:\/\/www.europesays.com\/fr\/wp-json\/wp\/v2\/posts\/362756\/revisions"}],"wp:featuredmedia":[{"embeddable":true,"href":"https:\/\/www.europesays.com\/fr\/wp-json\/wp\/v2\/media\/362757"}],"wp:attachment":[{"href":"https:\/\/www.europesays.com\/fr\/wp-json\/wp\/v2\/media?parent=362756"}],"wp:term":[{"taxonomy":"category","embeddable":true,"href":"https:\/\/www.europesays.com\/fr\/wp-json\/wp\/v2\/categories?post=362756"},{"taxonomy":"post_tag","embeddable":true,"href":"https:\/\/www.europesays.com\/fr\/wp-json\/wp\/v2\/tags?post=362756"}],"curies":[{"name":"wp","href":"https:\/\/api.w.org\/{rel}","templated":true}]}}