{"id":362758,"date":"2025-09-03T07:54:57","date_gmt":"2025-09-03T07:54:57","guid":{"rendered":"https:\/\/www.europesays.com\/fr\/362758\/"},"modified":"2025-09-03T07:54:57","modified_gmt":"2025-09-03T07:54:57","slug":"ici-laxou-54520-actualites-et-infos-de-votre-ville-en-continu","status":"publish","type":"post","link":"https:\/\/www.europesays.com\/fr\/362758\/","title":{"rendered":"ici Laxou (54520) : actualit\u00e9s et infos de votre ville en continu"},"content":{"rendered":"<p>Quelles sont les caract\u00e9ristiques de la d\u00e9mographie de Laxou<\/p>\n<p>Avec une superficie de 16,09 kilom\u00e8tres carr\u00e9s et une population \u00e9valu\u00e9e \u00e0 14 300 habitants, la densit\u00e9 de Laxou s&rsquo;\u00e9levait \u00e0 888,8 habitants par km\u00b2 en 2018. Cette municipalit\u00e9 avait alors l&rsquo;une des densit\u00e9s de population les plus hautes du d\u00e9partement de la Meurthe-et-Moselle.<\/p>\n<p>D\u00e9couvrez les chiffres cl\u00e9s du logement \u00e0 Laxou<\/p>\n<p>Avec 16,09 km\u00b2 et un total de pr\u00e8s de 7 800 logements pour environ 14 000 habitants, Laxou a une densit\u00e9 r\u00e9sidentielle tr\u00e8s faible mais une assez forte densit\u00e9 de population (respectivement 4,8 log\/ha et 888,8 habitants\/km\u00b2). Elles sont toutes deux sup\u00e9rieures aux moyennes d\u00e9partementales (0,7 log\/ha et 138,9 habitants par km\u00b2).<\/p>\n<p>D\u00e9couvrez quelques informations pratiques sur la r\u00e9partition du logement au niveau de la ville<\/p>\n<p>Au sein de la localit\u00e9, on observe plus de locataires que de propri\u00e9taires. Environ 45\u00a0% des r\u00e9sidences principales sont occup\u00e9es par des propri\u00e9taires alors que 54,9\u00a0% sont occup\u00e9es par des locataires (dont 1,9 % \u00e0 titre gratuit). Parmi les habitations de la ville, 9\u00a0% sont des logements vacants, 2\u00a0% des r\u00e9sidences secondaires et il y a 89,1\u00a0% de r\u00e9sidences principales. Quant aux logements sociaux, ils forment 26,3\u00a0% des habitations. La plupart des 6 915 m\u00e9nages de Laxou ont emm\u00e9nag\u00e9 il y a entre 10 et 19 ans.<\/p>\n<p>Quelles sont les caract\u00e9ristiques de la distribution des pi\u00e8ces des logements de la municipalit\u00e9<\/p>\n<p>Parmi les logements de la ville, on trouve une majorit\u00e9 d&rsquo;appartements (73,4 %). Ils comportent pour la plupart 3 pi\u00e8ces (30,9 % du nombre total d&rsquo;appartements) pour une superficie g\u00e9n\u00e9ralement comprise entre 60 et 80 m\u00b2. On trouve \u00e9galement de nombreux appartements de 4 pi\u00e8ces (25,9 %). Ils datent, pour la plupart, de la p\u00e9riode des Trente Glorieuses (1946-1970). Les maisons, quant \u00e0 elles, sont au nombre de 1 976 (soit 25,4 %) et sont principalement compos\u00e9es de 6 pi\u00e8ces et plus. Leur surface moyenne est le plus souvent sup\u00e9rieure \u00e0 120 m\u00b2. Les maisons de la municipalit\u00e9 ont principalement \u00e9t\u00e9 construites entre 1919 et 1945.<\/p>\n<p>D\u00e9couvrez les chiffres cl\u00e9s de l&rsquo;imp\u00f4t sur le revenu \u00e0 Laxou<\/p>\n<p>Laxou d\u00e9nombre, au total, 8 361 foyers fiscaux. Parmi eux, environ 48 % sont au-dessous du seuil d&rsquo;imposition. Ce taux est plus faible que celui de la Meurthe-et-Moselle qui s&rsquo;\u00e9l\u00e8ve \u00e0 53,5 %. Les m\u00e9nages fiscaux laxoviens ont un revenu annuel m\u00e9dian de 22 230 \u20ac, soit 300 \u20ac de plus que celui du pays. L&rsquo;imp\u00f4t sur le revenu des habitants de Laxou est en moyenne de 2 499 \u20ac par foyer. Ce dernier est donc plus important que celui du d\u00e9partement qui s&rsquo;\u00e9l\u00e8ve \u00e0 1 442 \u20ac. Par ailleurs, 33,2 % des foyers d\u00e9clarent percevoir une retraite ou une pension.<\/p>\n<p>Le pourcentage de l&rsquo;imp\u00f4t sur le revenu pay\u00e9 par les foyers fiscaux ayant un revenu fiscal de r\u00e9f\u00e9rence en dessous de 50 000 euros est de 24,6 %. Les foyers d\u00e9clarant un revenu annuel sup\u00e9rieur \u00e0 100 000 euros contribuent \u00e0 hauteur de 45,1 % \u00e0 l&rsquo;imp\u00f4t net total.<\/p>\n<p>D\u00e9couvrez les chiffres cl\u00e9s de l&#8217;emploi \u00e0 Laxou<\/p>\n<p>\u00c0 Laxou, le taux d&rsquo;activit\u00e9 \u00e9tait de 70,14 % au 31 d\u00e9cembre 2018 : il y avait en effet 9 283 habitants en \u00e2ge de travailler, parmi lesquels 6 511 \u00e9taient actifs. En proportion, on recensait alors \u00e0 peu pr\u00e8s autant d&rsquo;actifs qu&rsquo;au niveau national, o\u00f9 le taux d&rsquo;activit\u00e9 s&rsquo;\u00e9levait \u00e0 71,9 %.<\/p>\n<p>Le taux de ch\u00f4mage de la municipalit\u00e9 atteignait 18,48 %, 1 203 actifs \u00e9tant en situation d&rsquo;inemploi. La part de ch\u00f4meurs \u00e9tait donc sup\u00e9rieure de 9,38 points \u00e0 celle du pays, o\u00f9 le taux de ch\u00f4mage s&rsquo;\u00e9levait \u00e0 9,1 %.<\/p>\n<p>Taux de ch\u00f4mage par CSP \u00e0 Laxou<\/p>\n<p>En 2018, \u00e0 Laxou, la cat\u00e9gorie socio-professionnelle des ouvriers \u00e9tait la plus concern\u00e9e par le ch\u00f4mage, le taux de ch\u00f4mage atteignait 28,6 %. Venaient ensuite les employ\u00e9s (22,7 %), les professions interm\u00e9diaires (11,03 %), les commer\u00e7ants, artisans et chefs d&rsquo;entreprises (6,37 %) et les cadres (4,31 %).<\/p>\n","protected":false},"excerpt":{"rendered":"Quelles sont les caract\u00e9ristiques de la d\u00e9mographie de Laxou Avec une superficie de 16,09 kilom\u00e8tres carr\u00e9s et une&hellip;\n","protected":false},"author":2,"featured_media":11291,"comment_status":"","ping_status":"","sticky":false,"template":"","format":"standard","meta":{"footnotes":""},"categories":[9635],"tags":[1111,11,1777,674,1011,27,775,1702,12,25],"class_list":{"0":"post-362758","1":"post","2":"type-post","3":"status-publish","4":"format-standard","5":"has-post-thumbnail","7":"category-nancy","8":"tag-actu","9":"tag-actualites","10":"tag-eu","11":"tag-europe","12":"tag-fr","13":"tag-france","14":"tag-grand-est","15":"tag-nancy","16":"tag-news","17":"tag-republique-francaise"},"share_on_mastodon":{"url":"https:\/\/pubeurope.com\/@fr\/115139295496839777","error":""},"_links":{"self":[{"href":"https:\/\/www.europesays.com\/fr\/wp-json\/wp\/v2\/posts\/362758","targetHints":{"allow":["GET"]}}],"collection":[{"href":"https:\/\/www.europesays.com\/fr\/wp-json\/wp\/v2\/posts"}],"about":[{"href":"https:\/\/www.europesays.com\/fr\/wp-json\/wp\/v2\/types\/post"}],"author":[{"embeddable":true,"href":"https:\/\/www.europesays.com\/fr\/wp-json\/wp\/v2\/users\/2"}],"replies":[{"embeddable":true,"href":"https:\/\/www.europesays.com\/fr\/wp-json\/wp\/v2\/comments?post=362758"}],"version-history":[{"count":0,"href":"https:\/\/www.europesays.com\/fr\/wp-json\/wp\/v2\/posts\/362758\/revisions"}],"wp:featuredmedia":[{"embeddable":true,"href":"https:\/\/www.europesays.com\/fr\/wp-json\/wp\/v2\/media\/11291"}],"wp:attachment":[{"href":"https:\/\/www.europesays.com\/fr\/wp-json\/wp\/v2\/media?parent=362758"}],"wp:term":[{"taxonomy":"category","embeddable":true,"href":"https:\/\/www.europesays.com\/fr\/wp-json\/wp\/v2\/categories?post=362758"},{"taxonomy":"post_tag","embeddable":true,"href":"https:\/\/www.europesays.com\/fr\/wp-json\/wp\/v2\/tags?post=362758"}],"curies":[{"name":"wp","href":"https:\/\/api.w.org\/{rel}","templated":true}]}}