{"id":362759,"date":"2025-09-03T07:56:12","date_gmt":"2025-09-03T07:56:12","guid":{"rendered":"https:\/\/www.europesays.com\/fr\/362759\/"},"modified":"2025-09-03T07:56:12","modified_gmt":"2025-09-03T07:56:12","slug":"le-livre-sur-la-place-a-nancy-du-12-au-14-septembre-2025","status":"publish","type":"post","link":"https:\/\/www.europesays.com\/fr\/362759\/","title":{"rendered":"Le Livre sur la Place \u00e0 Nancy du 12 au 14 septembre 2025"},"content":{"rendered":"<p>France Inter et ICI Sud Lorraine en direct du Livre sur la Place \u00e0 Nancy, du 12 au 14 septembre 2025<\/p>\n<p>Premier groupe radiophonique prescripteur de livres en France, <strong>Radio France s&rsquo;associe \u00e0 l\u2019\u00e9v\u00e9nement litt\u00e9raire incontournable de la rentr\u00e9e, Le Livre sur la place <\/strong>\u00e0 Nancy. Cette 47e \u00e9dition pr\u00e9sid\u00e9e par Guillaume Gallienne se tiendra du <strong>12 au 14 septembre<\/strong>. Pr\u00e8s de 550 auteurs en d\u00e9dicaces et 237 participeront \u00e0 des tables rondes.<\/p>\n<p>Salon national de la rentr\u00e9e litt\u00e9raire, Le Livre sur la Place est organis\u00e9 par la Ville de Nancy en lien avec l\u2019association de libraires\u00a0\u00ab\u202fLire \u00e0 Nancy\u00a0\u00bb, sous le parrainage, depuis sa cr\u00e9ation en 1979 de l\u2019Acad\u00e9mie Goncourt.<\/p>\n<p>\u00c0 cette occasion <strong>France Inter et ICI Lorraine (Meurthe-et-Moselle et Vosges)<\/strong>, partenaires de cet \u00e9v\u00e9nement, s\u2019installent au c\u0153ur du festival durant ces 3 jours.<\/p>\n<p>France Inter en direct de l\u2019Op\u00e9ra national de Nancy-Lorraine vendredi 12 septembre<\/p>\n<ul>\n<li><strong>De 11h \u00e0 12h puis de 15h \u00e0 16h<\/strong>\u00a0: deux enregistrements de <a href=\"https:\/\/www.radiofrance.fr\/franceinter\/podcasts\/big-bang\" target=\"_blank\" title=\"\u00ab\u202fBig Bang\u00a0\u00bb\u00a0sur France Inter - Nouvelle fen\u00eatre\" rel=\"nofollow noopener\">Big Bang<\/a> pr\u00e9sent\u00e9e par Christophe Galfard. L\u2019astrophysicien propose une heure d\u00e9di\u00e9e \u00e0 l\u2019actualit\u00e9 de la science et \u00e0 sa vulgarisation, en compagnie d\u2019un expert et d\u2019un passionn\u00e9 de la th\u00e9matique du jour.<br \/>\u25a0 Entr\u00e9e sur r\u00e9servation, billetterie gratuite sur <a href=\"https:\/\/www.opera-nancy.fr\/fr\/\" target=\"_blank\" title=\"R\u00e9servation sur le site de l&#039;Op\u00e9ra - Nouvelle fen\u00eatre\" rel=\"nofollow noopener\">opera-nancy.fr<\/a> et \u00e0  l&rsquo;Op\u00e9ra d\u00e8s le 2 septembre, 13h (max. 2 billets\/pers.) &#8211; \u00c9mission diffus\u00e9e tous les samedis \u00e0 11h.<\/li>\n<li><strong>\u00c0 16h<\/strong>\u00a0: enregistrement de l\u2019\u00e9mission <a href=\"https:\/\/www.radiofrance.fr\/franceinter\/podcasts\/etcetera\" target=\"_blank\" title=\"\u00ab\u202fEtcetera\u00a0\u00bb\u00a0sur France Inter - Nouvelle fen\u00eatre\" rel=\"nofollow noopener\">Etcetera<\/a>. Lilia Hassaine entour\u00e9e de libraires, pour son \u00e9mission litt\u00e9raire en partenariat avec les m\u00e9dias francophones publics afin d\u2019interroger ceux qui \u00e9crivent et transmettre l\u2019envie de lire au plus grand nombre.<br \/>Avec\u00a0:  <strong>Antoine Wauters<\/strong> pour Haute-Folie (Gallimard),  <strong>L\u00e9onor de R\u00e9condo<\/strong> pour Marcher dans tes pas (L&rsquo;Iconoclaste)<br \/>\u25a0 Entr\u00e9e sur r\u00e9servation, billetterie gratuite sur <a href=\"https:\/\/www.opera-nancy.fr\/fr\/\" target=\"_blank\" title=\"R\u00e9servation sur le site de l&#039;Op\u00e9ra - Nouvelle fen\u00eatre\" rel=\"nofollow noopener\">opera-nancy.fr<\/a> et \u00e0 l&rsquo;Op\u00e9ra d\u00e8s le 2 septembre, 13h (max. 2 billets\/pers.) &#8211; \u00e9mission diffus\u00e9e tous les samedis \u00e0 14h.<\/li>\n<li><strong>De 20h30 \u00e0 21h30<\/strong>\u00a0: enregistrement de l&rsquo;\u00e9mission <a href=\"https:\/\/www.radiofrance.fr\/franceinter\/podcasts\/le-masque-et-la-plume\" target=\"_blank\" title=\"\u00ab\u202fLe masque et la plume\u00a0\u00bb\u00a0sur France Inter - Nouvelle fen\u00eatre\" rel=\"nofollow noopener\">Le masque et la plume<\/a> par Rebecca Manzoni et la tribune de critiques\u00a0: <strong>Arnaud Viviant<\/strong> (Regards), <strong>Elisabeth Philippe<\/strong> (Nouvel Obs), <strong>Patricia Martin<\/strong> (France Inter), <strong>Jean-Marc Proust<\/strong> (Slate) partageront leur subjectivit\u00e9s autour des livres\u00a0:<br \/>Tressaillir de Maria Pourchet, Stock<br \/>La Maison vide de Laurent Mauvignier, Minuit<br \/>Au grand jamais de Jakuta Alikavazovic, Gallimard<br \/>Rams\u00e8s de Paris d\u2019Alain Mabanckou, Seuil<br \/>Avale de Sephora Pondi, Grasset.<br \/>\u25a0  Entr\u00e9e sur r\u00e9servation, billetterie gratuite sur <a href=\"https:\/\/www.opera-nancy.fr\/fr\/\" target=\"_blank\" title=\"R\u00e9servation sur le site de l&#039;Op\u00e9ra - Nouvelle fen\u00eatre\" rel=\"nofollow noopener\">opera-nancy.fr<\/a> et \u00e0 l&rsquo;Op\u00e9ra d\u00e8s le 2 septembre, 13h (max. 2 billets\/pers.) &#8211; \u00e9mission diffus\u00e9e tous les dimanches \u00e0 10h et 20h.<\/li>\n<\/ul>\n<p>Lectures pour les petits en partenariat avec France Inter<\/p>\n<ul>\n<li><strong>vendredi 12 de 13h \u00e0 14h30 &#8211; samedi 13 de 13h \u00e0 14h &#8211; dimanche 14 de 11h \u00e0 12h &#8211; de 13h30 \u00e0 14h30 et de 16h \u00e0 17h<\/strong>\u00a0:<strong>Les siestes sonores avec Oli<\/strong>. France Inter et Le Livre sur la Place offrent un temps calme pour d\u00e9couvrir les nouveaux contes de la s\u00e9rie audio\u00a0\u00ab\u202fUne histoire et\u2026 Oli\u00a0\u00bb\u00a0imagin\u00e9s et racont\u00e9s par des autrices et des auteurs contemporains.<br \/>\u25a0 Arc H\u00e9r\u00e9 (tout public)<\/li>\n<li><strong>Samedi 13 de 15h \u00e0 15h30 et de 16h45 \u00e0 17h30<\/strong>\u00a0:<br \/><strong>Toudou<\/strong>, un podcast original de France Inter pour les tout-petits\u00a0!<br \/>Les aventures de Toudou le doudou tout mou, tout chou, tout fou\u00a0! Une s\u00e9rie ludique adapt\u00e9e au d\u00e9veloppement c\u00e9r\u00e9bral des tr\u00e8s jeunes enfants pour r\u00e9pondre au mieuxaux besoins de leur \u00e2ge.<br \/>\u25a0 Arc H\u00e9r\u00e9 (de 2 \u00e0 4 ans)<\/li>\n<\/ul>\n<p>\u25a0 Le Livre sur la Place \u00e0 suivre sur <a href=\"https:\/\/www.radiofrance.fr\/franceinter\/le-livre-sur-la-place-de-nancy-du-12-au-14-septembre-2025-5563800\" target=\"_blank\" title=\"France Inter en direct du Livre sur la Place \u00e0 Nancy - Nouvelle fen\u00eatre\" rel=\"nofollow noopener\">France Inter<\/a>.<\/p>\n<p>Des podcasts de ICI Lorraine \u00e0 \u00e9couter<\/p>\n<ul>\n<li>Durant les 3 jours ICI Lorraine vous propose des balades \u00e0 travers Le Livre sur la Place \u00e0 la rencontre des auteurs et des visiteurs.<\/li>\n<li>Du vendredi au dimanche, venez \u00e0 l&rsquo;\u00e9coute des podcasts ICI Lorraine produits au studio ICI Lorraine et Le Livre sur la Place.<\/li>\n<li>Remise du 40e prix de La Feuille d\u2019Or de la Ville de Nancy &#8211; Batig\u00e8re. <strong>La Feuille d\u2019Or<\/strong> prime un texte de la rentr\u00e9e litt\u00e9raire \u00e9voquant la r\u00e9gion Grand Est ou un \u00e9crivain de la r\u00e9gion Grand Est.<br \/>Un partenariat avec ICI Lorraine, L&rsquo;Est R\u00e9publicain, France 3 Grand Est, les Maisons Mengin et Les M\u00e9tailiers lorrains.<\/li>\n<\/ul>\n<p>\u25a0 Toutes les infos sur <a href=\"https:\/\/www.francebleu.fr\/infos\/culture-loisirs\/prix-nobel-boum-pour-les-enfants-et-clementine-celarie-decouvrez-ce-qui-vous-attend-au-47e-livre-sur-la-place-a-nancy-1711172\" target=\"_blank\" title=\"Ce qui vous attend au 47e Livre sur la Place \u00e0 Nancy - Nouvelle fen\u00eatre\" rel=\"nofollow noopener\">ICI Lorraine<\/a>.<\/p>\n","protected":false},"excerpt":{"rendered":"France Inter et ICI Sud Lorraine en direct du Livre sur la Place \u00e0 Nancy, du 12 au&hellip;\n","protected":false},"author":2,"featured_media":362760,"comment_status":"","ping_status":"","sticky":false,"template":"","format":"standard","meta":{"footnotes":""},"categories":[9635],"tags":[1111,11,1777,674,1011,27,775,1702,12,25],"class_list":{"0":"post-362759","1":"post","2":"type-post","3":"status-publish","4":"format-standard","5":"has-post-thumbnail","7":"category-nancy","8":"tag-actu","9":"tag-actualites","10":"tag-eu","11":"tag-europe","12":"tag-fr","13":"tag-france","14":"tag-grand-est","15":"tag-nancy","16":"tag-news","17":"tag-republique-francaise"},"share_on_mastodon":{"url":"https:\/\/pubeurope.com\/@fr\/115139299541683013","error":""},"_links":{"self":[{"href":"https:\/\/www.europesays.com\/fr\/wp-json\/wp\/v2\/posts\/362759","targetHints":{"allow":["GET"]}}],"collection":[{"href":"https:\/\/www.europesays.com\/fr\/wp-json\/wp\/v2\/posts"}],"about":[{"href":"https:\/\/www.europesays.com\/fr\/wp-json\/wp\/v2\/types\/post"}],"author":[{"embeddable":true,"href":"https:\/\/www.europesays.com\/fr\/wp-json\/wp\/v2\/users\/2"}],"replies":[{"embeddable":true,"href":"https:\/\/www.europesays.com\/fr\/wp-json\/wp\/v2\/comments?post=362759"}],"version-history":[{"count":0,"href":"https:\/\/www.europesays.com\/fr\/wp-json\/wp\/v2\/posts\/362759\/revisions"}],"wp:featuredmedia":[{"embeddable":true,"href":"https:\/\/www.europesays.com\/fr\/wp-json\/wp\/v2\/media\/362760"}],"wp:attachment":[{"href":"https:\/\/www.europesays.com\/fr\/wp-json\/wp\/v2\/media?parent=362759"}],"wp:term":[{"taxonomy":"category","embeddable":true,"href":"https:\/\/www.europesays.com\/fr\/wp-json\/wp\/v2\/categories?post=362759"},{"taxonomy":"post_tag","embeddable":true,"href":"https:\/\/www.europesays.com\/fr\/wp-json\/wp\/v2\/tags?post=362759"}],"curies":[{"name":"wp","href":"https:\/\/api.w.org\/{rel}","templated":true}]}}