{"id":362761,"date":"2025-09-03T07:57:13","date_gmt":"2025-09-03T07:57:13","guid":{"rendered":"https:\/\/www.europesays.com\/fr\/362761\/"},"modified":"2025-09-03T07:57:13","modified_gmt":"2025-09-03T07:57:13","slug":"ca-met-tout-le-monde-sur-un-pied-degalite-luniforme-fait-sa-rentree-dans-cette-maternelle-a-six-fours","status":"publish","type":"post","link":"https:\/\/www.europesays.com\/fr\/362761\/","title":{"rendered":"\u00ab\u00a0Ca met tout le monde sur un pied d\u2019\u00e9galit\u00e9\u00a0\u00bb: l\u2019uniforme fait sa rentr\u00e9e dans cette maternelle \u00e0 Six-Fours"},"content":{"rendered":"<p>La toute petite \u00e9cole maternelle des Playes, \u00e0 Six-Fours, est le seul \u00e9tablissement varois \u00e0 avoir choisi d\u2019exp\u00e9rimenter la tenue unique, suite \u00e0 la proposition lanc\u00e9e fin 2023 par Gabriel Attal, alors ministre de l\u2019Education nationale. Ce mardi, la grande majorit\u00e9 de la centaine d\u2019enfants (quelques familles n\u2019avaient pas encore r\u00e9cup\u00e9r\u00e9 leur trousseau, remis il y a quelques jours) a donc pass\u00e9 le portail v\u00eatue de polos couleur bleu jean, avec col et manches camel.<\/p>\n<p>La Ville a ainsi fourni trois polos et deux tuniques \u00e0 chaque \u00e9colier, tous confectionn\u00e9s par le Point fran\u00e7ais, un atelier ni\u00e7ois, soit un investissement de 25.000 euros environ.<\/p>\n<p>\u00ab\u00a0Sur un pied d\u2019\u00e9galit\u00e9\u00a0\u00bb<\/p>\n<p>\u00ab\u00a0J\u2019appr\u00e9hendais un peu de savoir si mon fils allait accepter de l\u2019enfiler sans r\u00e2ler, mais il le trouve \u201ccool\u00a0\u00bb\u2026 On est sauv\u00e9s! \u00bb, t\u00e9moignait cette maman en route pour \u00ab\u00a0sa\u00a0\u00bb derni\u00e8re rentr\u00e9e de maternelle. \u00ab\u00a0C\u2019est vrai aussi qu\u2019au niveau du style, on est loin des uniformes que portaient nos a\u00efeux!\u00a0\u00bb Elle trouve par ailleurs que c\u2019est \u00ab\u00a0une bonne chose; \u00e7a met tout le monde sur un pied d\u2019\u00e9galit\u00e9\u00a0\u00bb.<\/p>\n<p>Pr\u00e9sente pour l\u2019\u00e9v\u00e9nement, Sandra Kuntz, adjointe au maire en charge des affaires scolaires, ne dit pas autre chose: \u00ab\u00a0En plus d\u2019effacer les in\u00e9galit\u00e9s, \u00e7a renforce le sentiment d\u2019appartenance, l\u2019esprit d\u2019\u00e9quipe\u2026 Avec M. le maire, cette exp\u00e9rimentation nous a tout de suite parl\u00e9. M\u00eame si tous les \u00e9tablissements concern\u00e9s (\u00e0 Six-Fours, seules les maternelles pouvaient tenter l\u2019exp\u00e9rience) n\u2019ont pas adh\u00e9r\u00e9\u2026\u00a0\u00bb, regrette-t-elle.<\/p>\n<p>\u00c0 l\u2019\u00e9poque, un sondage r\u00e9alis\u00e9 par la mairie aupr\u00e8s des parents d\u2019\u00e9l\u00e8ves avait pourtant recueilli 75,5% d\u2019avis favorables au port de l\u2019uniforme. Mais la consultation, plus officielle, des conseils d\u2019\u00e9coles, compos\u00e9s de parents \u00e9lus et d\u2019enseignants, l\u2019avait finalement largement rejet\u00e9.<\/p>\n<p>\u00ab\u00a0Un peu r\u00e9trograde\u00a0\u00bb<\/p>\n<p>Pour ce couple qui venait de laisser sa fille \u00e0 l\u2019\u00e9cole maternelle des Playes, le sujet divise encore: \u00ab\u00a0La tenue unique est un bon principe, dit Madame, mais je pense qu\u2019ils auraient pu faire la distinction entre filles et gar\u00e7ons au niveau des couleurs\u2026\u00a0\u00bb Monsieur n\u2019est toujours pas convaincu: \u00ab\u00a0C\u2019est peut-\u00eatre b\u00e9n\u00e9fique pour \u00e9viter les distinctions sociales, c\u2019est vrai\u2026 Mais je ne suis pas sp\u00e9cialement pour. S\u2019habiller comme on veut est aussi une mani\u00e8re de s\u2019exprimer. Il faut vivre avec son temps et l\u00e0, c\u2019est un peu r\u00e9trograde.\u00a0\u00bb<\/p>\n<p>En tout cas, du c\u00f4t\u00e9 des minots, \u00e0 part quelques petits chagrins au moment de quitter papa et maman, personne n\u2019avait l\u2019air traumatis\u00e9 par ce nouveau choix vestimentaire impos\u00e9.<\/p>\n","protected":false},"excerpt":{"rendered":"La toute petite \u00e9cole maternelle des Playes, \u00e0 Six-Fours, est le seul \u00e9tablissement varois \u00e0 avoir choisi d\u2019exp\u00e9rimenter&hellip;\n","protected":false},"author":2,"featured_media":362762,"comment_status":"","ping_status":"","sticky":false,"template":"","format":"standard","meta":{"footnotes":""},"categories":[9619],"tags":[1111,11,1777,674,332,1011,27,4075,12,316,882,25,2310,3366],"class_list":{"0":"post-362761","1":"post","2":"type-post","3":"status-publish","4":"format-standard","5":"has-post-thumbnail","7":"category-toulon","8":"tag-actu","9":"tag-actualites","10":"tag-eu","11":"tag-europe","12":"tag-faits-de-societe","13":"tag-fr","14":"tag-france","15":"tag-jeunesse","16":"tag-news","17":"tag-politique","18":"tag-provence-alpes-cote-dazur","19":"tag-republique-francaise","20":"tag-toulon","21":"tag-vie-locale"},"share_on_mastodon":{"url":"https:\/\/pubeurope.com\/@fr\/115139303448082694","error":""},"_links":{"self":[{"href":"https:\/\/www.europesays.com\/fr\/wp-json\/wp\/v2\/posts\/362761","targetHints":{"allow":["GET"]}}],"collection":[{"href":"https:\/\/www.europesays.com\/fr\/wp-json\/wp\/v2\/posts"}],"about":[{"href":"https:\/\/www.europesays.com\/fr\/wp-json\/wp\/v2\/types\/post"}],"author":[{"embeddable":true,"href":"https:\/\/www.europesays.com\/fr\/wp-json\/wp\/v2\/users\/2"}],"replies":[{"embeddable":true,"href":"https:\/\/www.europesays.com\/fr\/wp-json\/wp\/v2\/comments?post=362761"}],"version-history":[{"count":0,"href":"https:\/\/www.europesays.com\/fr\/wp-json\/wp\/v2\/posts\/362761\/revisions"}],"wp:featuredmedia":[{"embeddable":true,"href":"https:\/\/www.europesays.com\/fr\/wp-json\/wp\/v2\/media\/362762"}],"wp:attachment":[{"href":"https:\/\/www.europesays.com\/fr\/wp-json\/wp\/v2\/media?parent=362761"}],"wp:term":[{"taxonomy":"category","embeddable":true,"href":"https:\/\/www.europesays.com\/fr\/wp-json\/wp\/v2\/categories?post=362761"},{"taxonomy":"post_tag","embeddable":true,"href":"https:\/\/www.europesays.com\/fr\/wp-json\/wp\/v2\/tags?post=362761"}],"curies":[{"name":"wp","href":"https:\/\/api.w.org\/{rel}","templated":true}]}}