{"id":362765,"date":"2025-09-03T07:59:09","date_gmt":"2025-09-03T07:59:09","guid":{"rendered":"https:\/\/www.europesays.com\/fr\/362765\/"},"modified":"2025-09-03T07:59:09","modified_gmt":"2025-09-03T07:59:09","slug":"le-chu-de-montpellier-se-mobilise","status":"publish","type":"post","link":"https:\/\/www.europesays.com\/fr\/362765\/","title":{"rendered":"le CHU de Montpellier se mobilise"},"content":{"rendered":"<p>            Par<br \/>\n        <strong><br \/>\n            <a href=\"https:\/\/actu.fr\/auteur\/metropoop\" title=\"Consulter tous les articles de R\u00e9daction M\u00e9tropolitain\" rel=\"nofollow noopener\" target=\"_blank\">R\u00e9daction M\u00e9tropolitain<\/a><br \/>\n        <\/strong><\/p>\n<p>        Publi\u00e9 le<\/p>\n<p>            3 sept. 2025 \u00e0 9h28        <\/p>\n<p>\u00c0 l\u2019occasion de <strong>Septembre Jaune<\/strong>, le<strong> CHU de Montpellier<\/strong> intensifie ses actions pour <strong>informer et accompagner le public<\/strong>. Dans ce cadre, des stands d\u2019information seront accessibles les <strong>3, 10, 17 et 24 septembre<\/strong> dans diff\u00e9rents sites de Montpellier.<\/p>\n<p>Un enjeu majeur de sant\u00e9<\/p>\n<p class=\" wall-content\">La France reste fortement touch\u00e9e par le suicide, particuli\u00e8rement chez les jeunes, avec <strong>environ 200 000 tentatives chaque ann\u00e9e<\/strong>. Le 10 septembre,<strong> Journ\u00e9e internationale de pr\u00e9vention du suicide (JIPS)<\/strong>, symbolise cette mobilisation nationale. Pour accompagner les personnes en d\u00e9tresse ou leurs proches, le <strong>3114, num\u00e9ro national<\/strong> actif depuis octobre 2021, offre un <strong>soutien gratuit et confidentiel<\/strong>.<\/p>\n<p>Se mobiliser pour sensibiliser<\/p>\n<p class=\" wall-content\">Tout au long du mois, le CHU proposera des<strong> stands ouverts au grand public<\/strong>, destin\u00e9s \u00e0 <strong>informer, \u00e9couter et orienter<\/strong> vers les dispositifs d\u2019aide adapt\u00e9s :<\/p>\n<ul class=\" wall-content\">\n<li>Mercredi 3 septembre de 9h \u00e0 16h, site de Saint-Eloi<\/li>\n<li>Mercredi 10 septembre de 9h \u00e0 16h, hall de Lapeyronie<\/li>\n<li>Mercredi 17 septembre de 9h \u00e0 16h, hall d\u2019Arnaud de Villeneuve<\/li>\n<li>Mercredi 24 septembre de 9h \u00e0 16h, hall de Gui de Chauliac<\/li>\n<\/ul>\n<p><strong>&gt;<\/strong> Pour toute urgence ou soutien, il est essentiel de <strong>contacter le 3114<\/strong>.<\/p>\n<p class=\" wall-content\">Personnalisez votre actualit\u00e9 en ajoutant vos villes et m\u00e9dias en favori avec <a href=\"https:\/\/moncompte.actu.fr\" title=\"D\u00e9couvez Mon Actu\" rel=\"nofollow noopener\" data-trk=\"{&quot;cta&quot;:{&quot;action&quot;:&quot;https:\\\/\\\/moncompte.actu.fr&quot;,&quot;category&quot;:&quot;mon compte&quot;,&quot;from&quot;:&quot;article footer&quot;,&quot;name&quot;:&quot;Mon actu&quot;,&quot;type&quot;:&quot;cta&quot;}}\" target=\"_blank\">Mon Actu<\/a>.<\/p>\n","protected":false},"excerpt":{"rendered":"Par R\u00e9daction M\u00e9tropolitain Publi\u00e9 le 3 sept. 2025 \u00e0 9h28 \u00c0 l\u2019occasion de Septembre Jaune, le CHU de&hellip;\n","protected":false},"author":2,"featured_media":362766,"comment_status":"","ping_status":"","sticky":false,"template":"","format":"standard","meta":{"footnotes":""},"categories":[9599],"tags":[1111,11,1777,674,1011,27,2208,12,2680,25,104],"class_list":{"0":"post-362765","1":"post","2":"type-post","3":"status-publish","4":"format-standard","5":"has-post-thumbnail","7":"category-montpellier","8":"tag-actu","9":"tag-actualites","10":"tag-eu","11":"tag-europe","12":"tag-fr","13":"tag-france","14":"tag-montpellier","15":"tag-news","16":"tag-occitanie","17":"tag-republique-francaise","18":"tag-societe"},"share_on_mastodon":{"url":"https:\/\/pubeurope.com\/@fr\/115139311282579000","error":""},"_links":{"self":[{"href":"https:\/\/www.europesays.com\/fr\/wp-json\/wp\/v2\/posts\/362765","targetHints":{"allow":["GET"]}}],"collection":[{"href":"https:\/\/www.europesays.com\/fr\/wp-json\/wp\/v2\/posts"}],"about":[{"href":"https:\/\/www.europesays.com\/fr\/wp-json\/wp\/v2\/types\/post"}],"author":[{"embeddable":true,"href":"https:\/\/www.europesays.com\/fr\/wp-json\/wp\/v2\/users\/2"}],"replies":[{"embeddable":true,"href":"https:\/\/www.europesays.com\/fr\/wp-json\/wp\/v2\/comments?post=362765"}],"version-history":[{"count":0,"href":"https:\/\/www.europesays.com\/fr\/wp-json\/wp\/v2\/posts\/362765\/revisions"}],"wp:featuredmedia":[{"embeddable":true,"href":"https:\/\/www.europesays.com\/fr\/wp-json\/wp\/v2\/media\/362766"}],"wp:attachment":[{"href":"https:\/\/www.europesays.com\/fr\/wp-json\/wp\/v2\/media?parent=362765"}],"wp:term":[{"taxonomy":"category","embeddable":true,"href":"https:\/\/www.europesays.com\/fr\/wp-json\/wp\/v2\/categories?post=362765"},{"taxonomy":"post_tag","embeddable":true,"href":"https:\/\/www.europesays.com\/fr\/wp-json\/wp\/v2\/tags?post=362765"}],"curies":[{"name":"wp","href":"https:\/\/api.w.org\/{rel}","templated":true}]}}